{"id":48867,"date":"2019-07-26T20:00:00","date_gmt":"2019-07-27T00:00:00","guid":{"rendered":"https:\/\/linitiative.ca\/International\/m-miraoui-recoit-lambassadeur-yemenite\/"},"modified":"2019-07-26T20:00:00","modified_gmt":"2019-07-27T00:00:00","slug":"m-miraoui-recoit-lambassadeur-yemenite","status":"publish","type":"post","link":"https:\/\/linitiative.ca\/International\/m-miraoui-recoit-lambassadeur-yemenite\/","title":{"rendered":"M. Miraoui re\u00e7oit l\u2019ambassadeur y\u00e9m\u00e9nite"},"content":{"rendered":"<p>Le ministre de la Sant\u00e9, de la Population et de la R\u00e9forme hospitali\u00e8re, Mohammed Miraoui, s\u2019est entretenu jeudi \u00e0 Alger avec l\u2019ambassadeur de la R\u00e9publique du Y\u00e9men, Ali Mohamed Allaoui El Yazidi, avec lequel il a \u00e9voqu\u00e9 les diff\u00e9rents domaines de la coop\u00e9ration bilat\u00e9rale dans le domaine de la sant\u00e9, indique un communiqu\u00e9 du minist\u00e8re. M. Miraoui et l\u2019ambassadeur y\u00e9m\u00e9nite ont \u00e9galement abord\u00e9 \u00ables perspectives de renforcement des liens de solidarit\u00e9 entre l\u2019Alg\u00e9rie et le Y\u00e9men\u00bb et ont convenu de mettre en place un groupe de travail ad hoc pour \u00ab\u00e9tudier toutes les possibilit\u00e9s de renforcer cette solidarit\u00e9\u00bb, ajoute le communiqu\u00e9.\u00a0<\/p>\n<p>Auteur: elmoudjahid<br \/>\n<a href=\"http:\/\/www.elmoudjahid.com\/fr\/actualites\/139822\">Cliquez ici pour lire l&rsquo;article depuis sa source.<\/a><\/p>\n","protected":false},"excerpt":{"rendered":"<p>Le ministre de la Sant\u00e9, de la Population et de la R\u00e9forme hospitali\u00e8re, Mohammed Miraoui, s\u2019est entretenu jeudi \u00e0 Alger avec l\u2019ambassadeur de la R\u00e9publique du Y\u00e9men, Ali Mohamed Allaoui El Yazidi, avec lequel il a \u00e9voqu\u00e9 les diff\u00e9rents domaines de la coop\u00e9ration bilat\u00e9rale dans le domaine de la sant\u00e9, indique un communiqu\u00e9 du minist\u00e8re. [&hellip;]<\/p>\n","protected":false},"author":1744,"featured_media":0,"comment_status":"closed","ping_status":"closed","sticky":false,"template":"","format":"standard","meta":{"fifu_image_url":"","fifu_image_alt":"","footnotes":""},"categories":[73,53],"tags":[],"class_list":["post-48867","post","type-post","status-publish","format-standard","hentry","category-actualite","category-algerie"],"_links":{"self":[{"href":"https:\/\/linitiative.ca\/International\/wp-json\/wp\/v2\/posts\/48867","targetHints":{"allow":["GET"]}}],"collection":[{"href":"https:\/\/linitiative.ca\/International\/wp-json\/wp\/v2\/posts"}],"about":[{"href":"https:\/\/linitiative.ca\/International\/wp-json\/wp\/v2\/types\/post"}],"author":[{"embeddable":true,"href":"https:\/\/linitiative.ca\/International\/wp-json\/wp\/v2\/users\/1744"}],"replies":[{"embeddable":true,"href":"https:\/\/linitiative.ca\/International\/wp-json\/wp\/v2\/comments?post=48867"}],"version-history":[{"count":0,"href":"https:\/\/linitiative.ca\/International\/wp-json\/wp\/v2\/posts\/48867\/revisions"}],"wp:attachment":[{"href":"https:\/\/linitiative.ca\/International\/wp-json\/wp\/v2\/media?parent=48867"}],"wp:term":[{"taxonomy":"category","embeddable":true,"href":"https:\/\/linitiative.ca\/International\/wp-json\/wp\/v2\/categories?post=48867"},{"taxonomy":"post_tag","embeddable":true,"href":"https:\/\/linitiative.ca\/International\/wp-json\/wp\/v2\/tags?post=48867"}],"curies":[{"name":"wp","href":"https:\/\/api.w.org\/{rel}","templated":true}]}}