{"id":48868,"date":"2019-07-26T20:00:00","date_gmt":"2019-07-27T00:00:00","guid":{"rendered":"https:\/\/linitiative.ca\/International\/elimination-du-paludisme-loms-felicite-lalgerie\/"},"modified":"2019-07-26T20:00:00","modified_gmt":"2019-07-27T00:00:00","slug":"elimination-du-paludisme-loms-felicite-lalgerie","status":"publish","type":"post","link":"https:\/\/linitiative.ca\/International\/elimination-du-paludisme-loms-felicite-lalgerie\/","title":{"rendered":"\u00c9limination du paludisme  : L\u2019OMS f\u00e9licite l\u2019Alg\u00e9rie"},"content":{"rendered":"<p>Le ministre de la Sant\u00e9, de la Population et de la R\u00e9forme hospitali\u00e8re, Mohammed Miraoui, s\u2019est entretenu jeudi \u00e0 Alger avec le repr\u00e9sentant de l\u2019Organisation mondiale de la sant\u00e9 (OMS) en Alg\u00e9rie, Nguessan Bla Fran\u00e7ois, qui a f\u00e9licit\u00e9 l\u2019Alg\u00e9rie pour l\u2019obtention du certificat de l\u2019\u00e9limination du paludisme, indique un communiqu\u00e9 du minist\u00e8re. L\u2019obtention du certificat de l\u2019\u00e9limination du paludisme intervient apr\u00e8s celui obtenu pour l\u2019\u00e9limination de la polio en 2016 et celui de l\u2019\u00e9limination du t\u00e9tanos n\u00e9onatal en 2018, rappelle la m\u00eame source. Lors de cette rencontre, les discussions entre les deux parties ont permis de \u00abfaire un large tour d\u2019horizon de la coop\u00e9ration en cours ainsi que les perspectives de son d\u00e9veloppement \u00e0 la lumi\u00e8re de l\u2019expertise alg\u00e9rienne en mati\u00e8re de performance du syst\u00e8me sanitaire\u00bb. Il a \u00e9t\u00e9 convenu aussi de \u00abrenforcer les m\u00e9canismes de concertation permanente\u00bb entre l\u2019administration centrale de la sant\u00e9 et la repr\u00e9sentation de l\u2019OMS en Alg\u00e9rie \u00e0 l\u2019effet \u00abd\u2019optimiser les proc\u00e9dures de coop\u00e9ration en rapport avec les priorit\u00e9s sanitaires de notre pays\u00bb.\u00a0\u00a0<\/p>\n<p>Auteur: elmoudjahid<br \/>\n<a href=\"http:\/\/www.elmoudjahid.com\/fr\/actualites\/139823\">Cliquez ici pour lire l&rsquo;article depuis sa source.<\/a><\/p>\n","protected":false},"excerpt":{"rendered":"<p>Le ministre de la Sant\u00e9, de la Population et de la R\u00e9forme hospitali\u00e8re, Mohammed Miraoui, s\u2019est entretenu jeudi \u00e0 Alger avec le repr\u00e9sentant de l\u2019Organisation mondiale de la sant\u00e9 (OMS) en Alg\u00e9rie, Nguessan Bla Fran\u00e7ois, qui a f\u00e9licit\u00e9 l\u2019Alg\u00e9rie pour l\u2019obtention du certificat de l\u2019\u00e9limination du paludisme, indique un communiqu\u00e9 du minist\u00e8re. L\u2019obtention du certificat [&hellip;]<\/p>\n","protected":false},"author":1744,"featured_media":0,"comment_status":"closed","ping_status":"closed","sticky":false,"template":"","format":"standard","meta":{"fifu_image_url":"","fifu_image_alt":"","footnotes":""},"categories":[73,53],"tags":[],"class_list":["post-48868","post","type-post","status-publish","format-standard","hentry","category-actualite","category-algerie"],"_links":{"self":[{"href":"https:\/\/linitiative.ca\/International\/wp-json\/wp\/v2\/posts\/48868","targetHints":{"allow":["GET"]}}],"collection":[{"href":"https:\/\/linitiative.ca\/International\/wp-json\/wp\/v2\/posts"}],"about":[{"href":"https:\/\/linitiative.ca\/International\/wp-json\/wp\/v2\/types\/post"}],"author":[{"embeddable":true,"href":"https:\/\/linitiative.ca\/International\/wp-json\/wp\/v2\/users\/1744"}],"replies":[{"embeddable":true,"href":"https:\/\/linitiative.ca\/International\/wp-json\/wp\/v2\/comments?post=48868"}],"version-history":[{"count":0,"href":"https:\/\/linitiative.ca\/International\/wp-json\/wp\/v2\/posts\/48868\/revisions"}],"wp:attachment":[{"href":"https:\/\/linitiative.ca\/International\/wp-json\/wp\/v2\/media?parent=48868"}],"wp:term":[{"taxonomy":"category","embeddable":true,"href":"https:\/\/linitiative.ca\/International\/wp-json\/wp\/v2\/categories?post=48868"},{"taxonomy":"post_tag","embeddable":true,"href":"https:\/\/linitiative.ca\/International\/wp-json\/wp\/v2\/tags?post=48868"}],"curies":[{"name":"wp","href":"https:\/\/api.w.org\/{rel}","templated":true}]}}