{"id":48870,"date":"2019-07-26T20:00:00","date_gmt":"2019-07-27T00:00:00","guid":{"rendered":"https:\/\/linitiative.ca\/International\/m-bensalah-recoit-le-panel-des-personnalites-charge-de-mener-le-dialogue-une-demarche-concertee-fondee-sur-un-consensus-le-plus-large-possible\/"},"modified":"2019-07-26T20:00:00","modified_gmt":"2019-07-27T00:00:00","slug":"m-bensalah-recoit-le-panel-des-personnalites-charge-de-mener-le-dialogue-une-demarche-concertee-fondee-sur-un-consensus-le-plus-large-possible","status":"publish","type":"post","link":"https:\/\/linitiative.ca\/International\/m-bensalah-recoit-le-panel-des-personnalites-charge-de-mener-le-dialogue-une-demarche-concertee-fondee-sur-un-consensus-le-plus-large-possible\/","title":{"rendered":"M. Bensalah re\u00e7oit le Panel des personnalit\u00e9s  charg\u00e9 de mener le dialogue : Une d\u00e9marche concert\u00e9e fond\u00e9e sur un consensus le plus large possible"},"content":{"rendered":"<p>Le chef de l\u2019\u00c9tat invite toutes les parties concern\u00e9es \u00e0 participer au dialogue, \u00e0 faire taire\u00a0 les divergences secondaires et \u00e0 contribuer activement \u00e0 d\u00e9passer la situation actuelle.<\/p>\n<p>&#8212;&#8212;&#8212;&#8212;&#8212;&#8212;&#8212;&#8212;&#8212;&#8212;&#8211;<\/p>\n<p><strong>Le chef de l\u2019Etat, Abdelkader Bensalah, a re\u00e7u, jeudi \u00e0 Alger, les membres du Panel des personnalit\u00e9s, appel\u00e9 \u00e0 mener le dialogue national inclusif, indique un communiqu\u00e9 de la pr\u00e9sidence de la R\u00e9publique, dont voici le texte int\u00e9gral :<\/strong><\/p>\n<p>\u00abLe chef de l\u2019Etat, Abdelkader Bensalah a re\u00e7u M. Karim Youn\u00e8s accompagn\u00e9 de Mme Benabbou Fatiha, de M. Lalmas Sma\u00efl, de M.Lazhari Bouzid, de M. Abdelwahab Bendjelloul et de M. Bena\u00efssa Azzedine. Ces personnalit\u00e9s constituent les membres du panel de personnalit\u00e9s nationales appel\u00e9 \u00e0 mener le dialogue national inclusif auquel a appel\u00e9 le chef de l\u2019Etat lors de son discours du 3 juillet 2019, dans le cadre d\u2019une offre politique globale, \u00e0 travers laquelle il s\u2019est engag\u00e9 notamment \u00e0 :<\/p>\n<p>&#8211; Mener \u00e0 bien le processus devant conduire \u00e0 l\u2019\u00e9lection pr\u00e9sidentielle, laquelle est une priorit\u00e9. Il a rappel\u00e9 dans ce cadre les raisons constitutionnelles, politiques et strat\u00e9giques qui imposent l\u2019organisation de l\u2019\u00e9lection pr\u00e9sidentielle dans des d\u00e9lais rapproch\u00e9s, en soulignant que cette derni\u00e8re est la seule solution v\u00e9ritablement d\u00e9mocratique au d\u00e9passement de la situation actuelle. Il s\u2019est f\u00e9licit\u00e9 que nombreux sont ceux qui souscrivent d\u00e9sormais \u00e0 cette d\u00e9marche.<\/p>\n<p>&#8211; A assurer \u00e0 l\u2019\u00e9lection pr\u00e9sidentielle la r\u00e9gularit\u00e9 et la transparence exig\u00e9es, non seulement pour que le scrutin ne soit entach\u00e9 d\u2019aucune contestation, mais \u00e9galement pour redonner tout son sens \u00e0 la volont\u00e9 populaire dans le choix des personnes devant diriger le pays. C\u2019est pourquoi, il a appel\u00e9 \u00e0 l\u2019organisation d\u2019un dialogue inclusif entre toutes les parties, pour construire une d\u00e9marche concert\u00e9e, fond\u00e9e sur le consensus le plus large possible.<\/p>\n<p>&#8211; A confier la conduite du processus de dialogue \u00e0 un panel de personnalit\u00e9s nationales, cr\u00e9dibles, comp\u00e9tentes, sans attache partisane et sans ambition \u00e9lectorale.<br \/>Il a tenu \u00e0 pr\u00e9ciser, afin d\u2019\u00e9viter toute fausse interpr\u00e9tation et de dissiper tout malentendu, que l\u2019Etat dans toute sa composante, y compris militaire, ne sera pas partie prenante \u00e0 ce dialogue et observera la stricte neutralit\u00e9 tout au long du d\u00e9roulement de ce processus. La constitution de ce panel de personnalit\u00e9s repr\u00e9sentatives et consensuelles, qui a n\u00e9cessit\u00e9 du temps incompressible, s\u2019est faite sur la base des propositions et recommandations formul\u00e9es par des acteurs de la soci\u00e9t\u00e9 civile et du mouvement associatif, et au regard des crit\u00e8res d\u00e9finis pour le choix des personnalit\u00e9s.<br \/>Pour rappel, le chef de l\u2019Etat avait parl\u00e9 de personnalit\u00e9s disposant de l\u2019autorit\u00e9 morale et de la cr\u00e9dibilit\u00e9 n\u00e9cessaires, des personnalit\u00e9s ind\u00e9pendantes, sans affiliation partisane et sans ambition \u00e9lectorale, des personnalit\u00e9s qui \u00e9mergent du fait de leur autorit\u00e9 morale ou de leur l\u00e9gitimit\u00e9 historique, politique ou socioprofessionnelle. Consult\u00e9es parmi d\u2019autres, par les acteurs de la soci\u00e9t\u00e9 civile, les personnalit\u00e9s re\u00e7ues par le chef de l\u2019Etat, per\u00e7ues comme disposant des qualit\u00e9s de cr\u00e9dibilit\u00e9 et d\u2019acceptabilit\u00e9, les rendant \u00e9ligibles \u00e0 faire partie du panel ont accept\u00e9 d\u2019en faire partie\u00a0 et de s\u2019impliquer dans l\u2019accomplissement de cette noble mission de facilitation du dialogue.<\/p>\n<p>Ces personnalit\u00e9s ont, ce faisant, souhait\u00e9 pouvoir la mener en totale libert\u00e9 et ind\u00e9pendance, ce qui en fait, est en totale coh\u00e9rence avec la volont\u00e9 et la vision du chef de l\u2019Etat en mati\u00e8re de conduite du dialogue. Par ailleurs et en r\u00e9action \u00e0 une sollicitation des membres du Panel sur les mesures d\u2019accompagnement et d\u2019apaisement qu\u2019il a lieu de prendre, le chef de l\u2019Etat a fait \u00e9tat de sa disponibilit\u00e9 \u00e0 \u0153uvrer pour :<\/p>\n<p>&#8211; Inviter la justice \u00e0 examiner la possibilit\u00e9 d\u2019\u00e9largissement des personnes dont l\u2019interpellation s\u2019est faite en lien avec le d\u00e9roulement des marches populaires, &#8211; Envisager l\u2019all\u00e8gement du dispositif mis en place par les services de s\u00e9curit\u00e9, pour garantir la libert\u00e9 de circulation d\u00e8s lors que cet all\u00e8gement ne porte pas pr\u00e9judice \u00e0 l\u2019imp\u00e9ratif de pr\u00e9server l\u2019ordre public, et la protection des personnes et des biens lors des marches populaires, &#8211; A faire prendre les mesures de nature \u00e0 faciliter l\u2019acc\u00e8s aux m\u00e9dias publics \u00e0 toutes les opinions, \u00e0 travers l\u2019organisation de d\u00e9bats contradictoires et ouverts \u00e0 toutes les expressions politiques, sans exclusive.<br \/>Les membres du panel ont \u00e9galement \u00e9voqu\u00e9 d\u2019autres pr\u00e9occupations soulev\u00e9es au niveau de la sc\u00e8ne politique, lesquelles ont recueilli l\u2019int\u00e9r\u00eat du chef de l\u2019Etat qui s\u2019est engag\u00e9 \u00e0 les prendre en charge conform\u00e9ment aux dispositions de la Constitution et aux lois de la R\u00e9publique. Le Panel ainsi constitu\u00e9 entamera imm\u00e9diatement sa mission, avec le soutien technique et logistique de l\u2019Etat qui mettra \u00e0 sa disposition tous les moyens qui lui sont n\u00e9cessaires pour mener \u00e0 bien le processus de dialogue. Tout en remerciant les personnalit\u00e9s qui ont accept\u00e9 cette charge et cette mission, le chef de l\u2019Etat a tenu \u00e0 rappeler que :<\/p>\n<p>&#8211; L\u2019objectif central du dialogue est de contribuer \u00e0 r\u00e9unir les conditions n\u00e9cessaires \u00e0 l\u2019organisation du prochain scrutin pr\u00e9sidentiel dans une transparence totale et une r\u00e9gularit\u00e9 sans failles. Le dialogue portera sur tous les aspects li\u00e9s \u00e0 l\u2019organisation de ce scrutin, ses \u00e9tapes pr\u00e9paratoires, les conditions qui lui sont n\u00e9cessaires, le d\u00e9roulement du calendrier \u00e9lectoral et la date de l\u2019\u00e9lection pr\u00e9sidentielle.<\/p>\n<p>&#8211; Le dialogue doit \u00eatre inclusif, qu\u2019il r\u00e9unisse l\u2019ensemble de la classe politique, les acteurs les plus repr\u00e9sentatifs de la soci\u00e9t\u00e9 civile, des personnalit\u00e9s nationales ainsi que des repr\u00e9sentants du mouvement populaire, s\u2019ils le souhaitent.<\/p>\n<p>&#8211; Le Panel aura toute la libert\u00e9 pour organiser les modalit\u00e9s du dialogue, son d\u00e9roulement, sa dur\u00e9e et le contenu de son ordre du jour.<\/p>\n<p>&#8211; Il pourra arr\u00eater, en concertation avec les participants au dialogue, les mesures d\u2019ordre l\u00e9gislatif, r\u00e9glementaire et organisationnel n\u00e9cessaires \u00e0 l\u2019\u00e9lection pr\u00e9sidentielle.<\/p>\n<p>&#8211; Le Panel aura toute la latitude pour l\u2019\u00e9laboration des r\u00e9sultats et recommandations finales sur les questions ayant fait l\u2019objet d\u2019un consensus, \u00e0 condition qu\u2019elles s\u2019inscrivent dans le cadre de l\u2019objet du dialogue. Les institutions de l\u2019Etat s\u2019engagent \u00e0 les traduire en textes l\u00e9gislatifs et r\u00e9glementaires.<\/p>\n<p>&#8211; Enfin, le Panel pourra proposer toutes mesures qu\u2019il consid\u00e8re de nature \u00e0 favoriser l\u2019apaisement et le r\u00e9tablissement de la confiance. Le chef de l\u2019Etat invite toutes les parties concern\u00e9es \u00e0 participer au dialogue, \u00e0 taire les divergences secondaires et \u00e0 contribuer activement \u00e0 d\u00e9passer la situation actuelle. Il consid\u00e8re que le temps est pr\u00e9cieux et que de grands d\u00e9fis attendent notre pays. Des dangers le guettent aussi. Il consid\u00e8re qu\u2019il est important de r\u00e9affirmer la solidarit\u00e9 nationale, de faire appel \u00e0 l\u2019intelligence collective des forces vives de la Nation pour d\u00e9passer les probl\u00e8mes actuels. Il faut le faire pour l\u2019avenir et la p\u00e9rennit\u00e9 de notre Patrie.<br \/>Enfin, le chef de l\u2019Etat a exprim\u00e9 ses remerciements au panel pour avoir accept\u00e9 cette mission et a r\u00e9affirm\u00e9 son soutien et ses encouragements \u00e0 ses membres en leur souhaitant plein succ\u00e8s dans l\u2019accomplissement de leur noble mission au service de la Nation.\u00bb<\/p>\n<p>Auteur: elmoudjahid<br \/>\n<a href=\"http:\/\/www.elmoudjahid.com\/fr\/actualites\/139825\">Cliquez ici pour lire l&rsquo;article depuis sa source.<\/a><\/p>\n","protected":false},"excerpt":{"rendered":"<p>Le chef de l\u2019\u00c9tat invite toutes les parties concern\u00e9es \u00e0 participer au dialogue, \u00e0 faire taire\u00a0 les divergences secondaires et \u00e0 contribuer activement \u00e0 d\u00e9passer la situation actuelle. &#8212;&#8212;&#8212;&#8212;&#8212;&#8212;&#8212;&#8212;&#8212;&#8212;&#8211; Le chef de l\u2019Etat, Abdelkader Bensalah, a re\u00e7u, jeudi \u00e0 Alger, les membres du Panel des personnalit\u00e9s, appel\u00e9 \u00e0 mener le dialogue national inclusif, indique un [&hellip;]<\/p>\n","protected":false},"author":1744,"featured_media":0,"comment_status":"closed","ping_status":"closed","sticky":false,"template":"","format":"standard","meta":{"fifu_image_url":"","fifu_image_alt":"","footnotes":""},"categories":[73,53],"tags":[],"class_list":["post-48870","post","type-post","status-publish","format-standard","hentry","category-actualite","category-algerie"],"_links":{"self":[{"href":"https:\/\/linitiative.ca\/International\/wp-json\/wp\/v2\/posts\/48870","targetHints":{"allow":["GET"]}}],"collection":[{"href":"https:\/\/linitiative.ca\/International\/wp-json\/wp\/v2\/posts"}],"about":[{"href":"https:\/\/linitiative.ca\/International\/wp-json\/wp\/v2\/types\/post"}],"author":[{"embeddable":true,"href":"https:\/\/linitiative.ca\/International\/wp-json\/wp\/v2\/users\/1744"}],"replies":[{"embeddable":true,"href":"https:\/\/linitiative.ca\/International\/wp-json\/wp\/v2\/comments?post=48870"}],"version-history":[{"count":0,"href":"https:\/\/linitiative.ca\/International\/wp-json\/wp\/v2\/posts\/48870\/revisions"}],"wp:attachment":[{"href":"https:\/\/linitiative.ca\/International\/wp-json\/wp\/v2\/media?parent=48870"}],"wp:term":[{"taxonomy":"category","embeddable":true,"href":"https:\/\/linitiative.ca\/International\/wp-json\/wp\/v2\/categories?post=48870"},{"taxonomy":"post_tag","embeddable":true,"href":"https:\/\/linitiative.ca\/International\/wp-json\/wp\/v2\/tags?post=48870"}],"curies":[{"name":"wp","href":"https:\/\/api.w.org\/{rel}","templated":true}]}}