{"id":48871,"date":"2019-07-26T20:00:00","date_gmt":"2019-07-27T00:00:00","guid":{"rendered":"https:\/\/linitiative.ca\/International\/m-karim-younes-le-dialogue-seul-moyen-de-sortie-de-crise\/"},"modified":"2019-07-26T20:00:00","modified_gmt":"2019-07-27T00:00:00","slug":"m-karim-younes-le-dialogue-seul-moyen-de-sortie-de-crise","status":"publish","type":"post","link":"https:\/\/linitiative.ca\/International\/m-karim-younes-le-dialogue-seul-moyen-de-sortie-de-crise\/","title":{"rendered":"M. Karim Youn\u00e8s : \u00ab Le dialogue, seul moyen de sortie de crise \u00bb"},"content":{"rendered":"<p><strong>Le Panel de personnalit\u00e9s nationales a affirm\u00e9 que ce dialogue constituait \u00able seul moyen\u00bb \u00e0 m\u00eame de garantir une sortie pacifique de la crise, \u00e0 la hauteur des aspirations du peuple alg\u00e9rien.<\/strong><\/p>\n<p>Dans une d\u00e9claration \u00e0 la presse, \u00e0 l\u2019issue de l\u2019audience que leur a accord\u00e9e le Chef de l\u2019Etat, lue en son nom par l\u2019ancien pr\u00e9sident de l\u2019Assembl\u00e9e populaire nationale (APN), Karim Younes, les personnalit\u00e9s en question ont fait savoir que leur participation \u00e0 cet effort collectif pour sortir de cette crise d\u00e9coulait de leur \u00abengagement devant la nation et au peuple\u00bb, soulignant que le dialogue national \u00e9tait \u00able seul moyen \u00e0 m\u00eame de garantir une issue pacifique \u00e0 la hauteur des aspirations des Alg\u00e9riens et Alg\u00e9riennes\u00bb. De son c\u00f4t\u00e9, M. Younes a d\u00e9clar\u00e9, dans ce sens : \u00abNous insistons, en tant que commission, sur le fait que ce dialogue auquel a appel\u00e9 le Chef de l\u2019Etat, doit intervenir en r\u00e9ponse aux revendications l\u00e9gitimes du peuple, sorti manifester pour revendiquer une Alg\u00e9rie d\u00e9mocratique et nouvelle, comme le souhaitaient nos a\u00efeuls, artisans de la R\u00e9volution de Novembre\u00bb.<br \/>Ce Panel de personnalit\u00e9s, compos\u00e9 de Mme Fatiha Benabbou,\u2008M. Lalmas Sma\u00efl, M. Lazhari Bouzid, M. Abdelwahab Bendjelloul et M. Bena\u00efssa Azzedine, a fait savoir qu\u2019il \u00e9tait \u00abconscient de l\u2019ampleur du blocage politique que vit le pays actuellement\u00bb, mettant en avant toutes les pr\u00e9c\u00e9dentes initiatives pour un dialogue.<br \/>Ces personnalit\u00e9s ont tenu \u00e0 souligner qu\u2019elles n\u2019\u00e9taient pas repr\u00e9sentantes du Hirak populaire, ni ses porte-paroles, affirmant avoir accept\u00e9 cette mission \u00aben toute libert\u00e9\u00bb. Les membres du Panel des personnalit\u00e9s appel\u00e9es \u00e0 conduire et \u00e0 mener le dialogue national ont mis l\u2019accent sur l\u2019imp\u00e9ratif pour l\u2019Etat de prendre des mesures d\u2019apaisement \u00e0 m\u00eame de cr\u00e9er un climat devant conduire n\u00e9cessairement \u00e0 un dialogue sinc\u00e8re qui exprime les v\u0153ux et les revendications populaires et qui m\u00e8nerai \u00e0 l\u2019organisation d\u2019une \u00e9lection pr\u00e9sidentielle transparente, r\u00e9guli\u00e8re et libre dans les plus brefs d\u00e9lais\u00bb.<br \/>\u00a0Parmi les mesures auxquelles elles ont appel\u00e9 : \u00abla lib\u00e9ration de tous les d\u00e9tenus du hirak\u00bb, \u00abla lev\u00e9e de toutes les formes de pression sur les m\u00e9dias\u00bb, et \u00abla garantie de toutes les conditions et les facilitations \u00e0 m\u00eame de permettre aux citoyens d\u2019exercer leurs droits constitutionnels dans les manifestations et les rassemblements pacifiques\u00bb. Lors de cette rencontre, plusieurs questions relatives aux revendications populaires dont celles li\u00e9es au Gouvernement ont \u00e9t\u00e9 \u00e9voqu\u00e9es, a fait savoir M. Younes.<\/p>\n<p><strong>Larges attributions\u00a0<\/strong><\/p>\n<p>Le Panel entamera imm\u00e9diatement sa mission avec le soutien technique et logistique de l\u2019Etat qui mettra \u00e0 sa disposition tous les moyens qui lui sont n\u00e9cessaires pour mener \u00e0 bien le processus de dialogue. Tout en remerciant les personnalit\u00e9s qui ont accept\u00e9 cette charge et cette mission, le chef de l\u2019Etat a tenu \u00e0 rappeler que :<br \/>&#8211; L\u2019objectif central du dialogue est de contribuer \u00e0 r\u00e9unir les conditions n\u00e9cessaires \u00e0 l\u2019organisation du prochain scrutin pr\u00e9sidentiel dans une transparence totale et une r\u00e9gularit\u00e9 sans failles. Le dialogue portera sur tous les aspects li\u00e9s \u00e0 l\u2019organisation de ce scrutin, ses \u00e9tapes pr\u00e9paratoires, les conditions qui lui sont n\u00e9cessaires, le d\u00e9roulement du calendrier \u00e9lectoral et la date de l\u2019\u00e9lection pr\u00e9sidentielle.<br \/>&#8211; Le dialogue doit \u00eatre inclusif, en r\u00e9unissant l\u2019ensemble de la classe politique, les acteurs les plus repr\u00e9sentatifs de la soci\u00e9t\u00e9 civile, des personnalit\u00e9s nationales ainsi que des repr\u00e9sentants du mouvement populaire, s\u2019ils le souhaitent.\u00a0<br \/>&#8211; Le Panel aura toute la libert\u00e9 pour organiser les modalit\u00e9s du dialogue, son d\u00e9roulement, sa dur\u00e9e et le contenu de son ordre du jour.<br \/>&#8211; Le Panel pourra arr\u00eater, en concertation avec les participants au dialogue, les mesures d\u2019ordre l\u00e9gislatif, r\u00e9glementaire et organisationnel n\u00e9cessaires \u00e0 l\u2019\u00e9lection pr\u00e9sidentielle.<br \/>&#8211; Il aura toute la latitude pour l\u2019\u00e9laboration des r\u00e9sultats et recommandations finales sur les questions ayant fait l\u2019objet d\u2019un consensus, \u00e0 condition qu\u2019elles s\u2019inscrivent dans le cadre de l\u2019objet du dialogue. Les institutions de l\u2019Etat s\u2019engagent \u00e0 les traduire en textes l\u00e9gislatifs et r\u00e9glementaires.<br \/>&#8211; Enfin, le Panel pourra proposer toutes mesures qu\u2019il consid\u00e8re de nature \u00e0 favoriser l\u2019apaisement et le r\u00e9tablissement de la confiance.<\/p>\n<p>&#8212;&#8212;&#8212;&#8212;&#8212;&#8212;&#8212;&#8212;&#8211;<\/p>\n<p><strong>Des figures repr\u00e9sentatives\u00a0 de diff\u00e9rents horizons<\/strong><\/p>\n<p>Le Panel de personnalit\u00e9s appel\u00e9 \u00e0 conduire le dialogue national inclusif est compos\u00e9 de figures repr\u00e9sentatives, issues de diff\u00e9rents horizons et cumulant de longues ann\u00e9es d\u2019exp\u00e9rience chacune dans son domaine d\u2019activit\u00e9.<\/p>\n<p>&#8211; Karim Youn\u00e8s : \u00e2g\u00e9 de 71 ans et ancien pr\u00e9sident de l\u2019Assembl\u00e9e populaire nationale (APN) de 2002 \u00e0 2004, est \u00e9crivain, homme politique. Il est titulaire d\u2019une licence en litt\u00e9rature fran\u00e7aise et a occup\u00e9 plusieurs hautes fonctions, notamment secr\u00e9taire d\u2019Etat et ministre de la Formation professionnelle. Apr\u00e8s son retrait de la vie politique, Karim Youn\u00e8s a consacr\u00e9 son temps \u00e0 l\u2019\u00e9criture en publiant des ouvrages sur l\u2019histoire de l\u2019Alg\u00e9rie.<\/p>\n<p>&#8211; Fatiha Benabbou : Elle est titulaire d\u2019un doctorat d\u2019Etat en droit public et professeur universitaire. Sp\u00e9cialiste en droit constitutionnel, elle est auteure de deux ouvrages : \u00abDroit parlementaire alg\u00e9rien\u00bb et \u00abIntroduction au droit constitutionnel\u00bb ainsi que de nombreux articles publi\u00e9s dans des revues et communications en Alg\u00e9rie et \u00e0 l\u2019\u00e9tranger. Elle intervient de mani\u00e8re r\u00e9guli\u00e8re pour \u00e9clairer l\u2019opinion publique sur les questions d\u2019ordre juridique et constitutionnelle.<br \/>&#8211; Sma\u00efl Lalmas : Expert en \u00e9conomie et en finance, il est pr\u00e9sident de l\u2019Association nationale Alg\u00e9rie conseil export (ACE). Lalmas est souvent sollicit\u00e9 par les m\u00e9dias pour apporter des \u00e9clairages et des analyses sur la situation \u00e9conomique et financi\u00e8re du pays.<\/p>\n<p>&#8211; Bouzidi Lazhari : Ancien membre du Conseil de la nation, Lazhari est un constitutionnaliste et professeur de droit constitutionnel \u00e0 l\u2019Universit\u00e9 de Constantine.<\/p>\n<p>&#8211; Azzedine Bena\u00efssa : \u00e2g\u00e9 de 52 ans, il est professeur universitaire \u00e0 Tlemcen. Il est membre actif dans le mouvement associatif.<\/p>\n<p>&#8211; Abdelwahab Bendjelloul : \u00e2g\u00e9 de 49 ans, il est syndicaliste dans le secteur de l\u2019\u00e9ducation nationale. Membre de plusieurs associations \u00e0 Touggourt (wilaya de Ouargla) et membre actif de la soci\u00e9t\u00e9 civile.<\/p>\n<p>Auteur: elmoudjahid<br \/>\n<a href=\"http:\/\/www.elmoudjahid.com\/fr\/actualites\/139826\">Cliquez ici pour lire l&rsquo;article depuis sa source.<\/a><\/p>\n","protected":false},"excerpt":{"rendered":"<p>Le Panel de personnalit\u00e9s nationales a affirm\u00e9 que ce dialogue constituait \u00able seul moyen\u00bb \u00e0 m\u00eame de garantir une sortie pacifique de la crise, \u00e0 la hauteur des aspirations du peuple alg\u00e9rien. Dans une d\u00e9claration \u00e0 la presse, \u00e0 l\u2019issue de l\u2019audience que leur a accord\u00e9e le Chef de l\u2019Etat, lue en son nom par [&hellip;]<\/p>\n","protected":false},"author":1744,"featured_media":0,"comment_status":"closed","ping_status":"closed","sticky":false,"template":"","format":"standard","meta":{"fifu_image_url":"","fifu_image_alt":"","footnotes":""},"categories":[73,53],"tags":[],"class_list":["post-48871","post","type-post","status-publish","format-standard","hentry","category-actualite","category-algerie"],"_links":{"self":[{"href":"https:\/\/linitiative.ca\/International\/wp-json\/wp\/v2\/posts\/48871","targetHints":{"allow":["GET"]}}],"collection":[{"href":"https:\/\/linitiative.ca\/International\/wp-json\/wp\/v2\/posts"}],"about":[{"href":"https:\/\/linitiative.ca\/International\/wp-json\/wp\/v2\/types\/post"}],"author":[{"embeddable":true,"href":"https:\/\/linitiative.ca\/International\/wp-json\/wp\/v2\/users\/1744"}],"replies":[{"embeddable":true,"href":"https:\/\/linitiative.ca\/International\/wp-json\/wp\/v2\/comments?post=48871"}],"version-history":[{"count":0,"href":"https:\/\/linitiative.ca\/International\/wp-json\/wp\/v2\/posts\/48871\/revisions"}],"wp:attachment":[{"href":"https:\/\/linitiative.ca\/International\/wp-json\/wp\/v2\/media?parent=48871"}],"wp:term":[{"taxonomy":"category","embeddable":true,"href":"https:\/\/linitiative.ca\/International\/wp-json\/wp\/v2\/categories?post=48871"},{"taxonomy":"post_tag","embeddable":true,"href":"https:\/\/linitiative.ca\/International\/wp-json\/wp\/v2\/tags?post=48871"}],"curies":[{"name":"wp","href":"https:\/\/api.w.org\/{rel}","templated":true}]}}