{"id":48872,"date":"2019-07-27T07:09:51","date_gmt":"2019-07-27T11:09:51","guid":{"rendered":"https:\/\/linitiative.ca\/International\/92514-can-2019-riad-mahrez-tout-le-merite-revient-a-djamel-belmadi\/"},"modified":"2019-07-27T07:09:51","modified_gmt":"2019-07-27T11:09:51","slug":"92514-can-2019-riad-mahrez-tout-le-merite-revient-a-djamel-belmadi","status":"publish","type":"post","link":"https:\/\/linitiative.ca\/International\/92514-can-2019-riad-mahrez-tout-le-merite-revient-a-djamel-belmadi\/","title":{"rendered":"CAN-2019\/Riad Mahrez: tout le m\u00e9rite revient \u00e0 Djamel Belmadi"},"content":{"rendered":"<div>\n<div class=\"K2FeedImage\"><img decoding=\"async\" src=\"http:\/\/www.aps.dz\/media\/k2\/items\/cache\/9196088497bdb3f347674637f2432a81_S.jpg\" alt=\"CAN-2019\/Riad Mahrez: tout le m\u00e9rite revient \u00e0 Djamel Belmadi\"><\/div>\n<div class=\"K2FeedIntroText\">\n<p><strong>\u00a0PARIS- Le capitaine de la s\u00e9lection alg\u00e9rienne de football, Riad Mahrez, a affirm\u00e9 samedi dans une interview au journal \u00a0fran\u00e7ais L&rsquo;Equipe que tout le m\u00e9rite revenait \u00e0 l&rsquo;entra\u00eeneur Djamel Belmadi qui \u00ab\u00a0a su faire de l&rsquo;Alg\u00e9rie une \u00e9quipe\u00a0\u00bb pour la conduire au sacre en Coupe d&rsquo;Afrique des nations-2019 (CAN-2019) en Egypte.<\/strong><\/p>\n<\/div>\n<div class=\"K2FeedFullText\">\n<p>\u00ab\u00a0Sur le bord du terrain, il se donne autant que nous, c&rsquo;est le douzi\u00e8me joueur. Il nous a redonn\u00e9 les valeurs et l&rsquo;\u00e9tat d&rsquo;esprit dont on avait besoin\u00a0\u00bb, a indiqu\u00e9 l&rsquo;auteur d&rsquo;un coup franc sublime lors des demi-finales de la CAN-2019 contre le Nigeria (2-1).<\/p>\n<p>Pour lui, l&rsquo;Alg\u00e9rie avait besoin de quelque chose plus que du talent. \u00ab\u00a0Il fallait \u00eatre une \u00e9quipe, Djamel a su faire de l&rsquo;Alg\u00e9rie une \u00e9quipe. Tout le m\u00e9rite lui revient\u00a0\u00bb, a ajout\u00e9 le nouveau champion d&rsquo;Afrique pour qui le r\u00f4le de capitaine d&rsquo;\u00e9quipe l&rsquo;a \u00ab\u00a0inconsciemment\u00a0\u00bb aid\u00e9.<\/p>\n<p>Avec \u00ab\u00a0ce brassard, je sens que j&rsquo;ai plus de responsabilit\u00e9s. Etre un leader, au fait, \u00e7a va au-del\u00e0 du brassard\u00a0\u00bb, a-t-il dit.<\/p>\n<hr>\n<p><a href=\"http:\/\/www.aps.dz\/sport\/92505-football-mahrez-honore-par-sa-ville-natale-sarcelles\">Lire aussi :\u00a0Football: Mahrez honor\u00e9 par sa ville natale Sarcelles<\/a><\/p>\n<hr>\n<p>Concernant ses r\u00e9actions sur les r\u00e9seaux sociaux \u00e0 propos des messages haineux de responsables de l&rsquo;extr\u00eame droite fran\u00e7aise, Riad Mahrez a expliqu\u00e9 qu&rsquo;il l&rsquo;a fait sur le moment parce qu&rsquo;il sentait \u00ab\u00a0qu&rsquo;il fallait le faire\u00a0\u00bb, soulignant que \u00ab\u00a0\u00e7a ne sert \u00e0 rien de jeter de l&rsquo;huile sur le feu, d&rsquo;attiser la haine\u00a0\u00bb.<\/p>\n<p>Au sujet de la pol\u00e9mique n\u00e9e sur le fait qu&rsquo;il n&rsquo;avait pas salu\u00e9 le Premier ministre \u00e9gyptien lors de la c\u00e9r\u00e9monie de remise du troph\u00e9e, Mahrez a soulign\u00e9 qu&rsquo;il n&rsquo;avait \u00ab\u00a0aucune intention\u00a0\u00bb de ne pas le saluer. \u00ab\u00a0Je n&rsquo;ai rien \u00e0 voir avec ce pays et je ne m&rsquo;occupe pas de leur politique. C&rsquo;est juste qu&rsquo;au moment de le saluer, on m&rsquo;a appel\u00e9 de l&rsquo;autre c\u00f4t\u00e9 pour la coupe, et j&rsquo;ai chang\u00e9 de direction\u00a0\u00bb, a-t-il expliqu\u00e9.<\/p>\n<\/div>\n<p><img loading=\"lazy\" decoding=\"async\" src=\"http:\/\/feeds.feedburner.com\/~r\/aps-sport\/~4\/ZXRFfB2j_NY\" height=\"1\" width=\"1\" alt=\"\"><\/div>\n<p>Auteur:<br \/>\n<a href=\"http:\/\/www.aps.dz\/sport\/92514-can-2019-riad-mahrez-tout-le-merite-revient-a-djamel-belmadi?utm_source=feedburner&#038;utm_medium=feed&#038;utm_campaign=Feed%3A+aps-sport+%28APS+-+SPORT%29\">Cliquez ici pour lire l&rsquo;article depuis sa source.<\/a><\/p>\n","protected":false},"excerpt":{"rendered":"<p>\u00a0PARIS- Le capitaine de la s\u00e9lection alg\u00e9rienne de football, Riad Mahrez, a affirm\u00e9 samedi dans une interview au journal \u00a0fran\u00e7ais L&rsquo;Equipe que tout le m\u00e9rite revenait \u00e0 l&rsquo;entra\u00eeneur Djamel Belmadi qui \u00ab\u00a0a su faire de l&rsquo;Alg\u00e9rie une \u00e9quipe\u00a0\u00bb pour la conduire au sacre en Coupe d&rsquo;Afrique des nations-2019 (CAN-2019) en Egypte. \u00ab\u00a0Sur le bord du [&hellip;]<\/p>\n","protected":false},"author":1790,"featured_media":48873,"comment_status":"closed","ping_status":"closed","sticky":false,"template":"","format":"standard","meta":{"fifu_image_url":"","fifu_image_alt":"","footnotes":""},"categories":[53,75],"tags":[],"class_list":["post-48872","post","type-post","status-publish","format-standard","has-post-thumbnail","hentry","category-algerie","category-sport"],"_links":{"self":[{"href":"https:\/\/linitiative.ca\/International\/wp-json\/wp\/v2\/posts\/48872","targetHints":{"allow":["GET"]}}],"collection":[{"href":"https:\/\/linitiative.ca\/International\/wp-json\/wp\/v2\/posts"}],"about":[{"href":"https:\/\/linitiative.ca\/International\/wp-json\/wp\/v2\/types\/post"}],"author":[{"embeddable":true,"href":"https:\/\/linitiative.ca\/International\/wp-json\/wp\/v2\/users\/1790"}],"replies":[{"embeddable":true,"href":"https:\/\/linitiative.ca\/International\/wp-json\/wp\/v2\/comments?post=48872"}],"version-history":[{"count":0,"href":"https:\/\/linitiative.ca\/International\/wp-json\/wp\/v2\/posts\/48872\/revisions"}],"wp:featuredmedia":[{"embeddable":true,"href":"https:\/\/linitiative.ca\/International\/wp-json\/"}],"wp:attachment":[{"href":"https:\/\/linitiative.ca\/International\/wp-json\/wp\/v2\/media?parent=48872"}],"wp:term":[{"taxonomy":"category","embeddable":true,"href":"https:\/\/linitiative.ca\/International\/wp-json\/wp\/v2\/categories?post=48872"},{"taxonomy":"post_tag","embeddable":true,"href":"https:\/\/linitiative.ca\/International\/wp-json\/wp\/v2\/tags?post=48872"}],"curies":[{"name":"wp","href":"https:\/\/api.w.org\/{rel}","templated":true}]}}