{"id":48879,"date":"2019-07-27T14:52:00","date_gmt":"2019-07-27T18:52:00","guid":{"rendered":"https:\/\/linitiative.ca\/International\/oran-le-village-touristique-de-bousfer-plage-plonge-dans-le-noir\/"},"modified":"2019-07-27T14:52:00","modified_gmt":"2019-07-27T18:52:00","slug":"oran-le-village-touristique-de-bousfer-plage-plonge-dans-le-noir","status":"publish","type":"post","link":"https:\/\/linitiative.ca\/International\/oran-le-village-touristique-de-bousfer-plage-plonge-dans-le-noir\/","title":{"rendered":"ORAN : Le village touristique de  Bousfer-plage plong\u00e9 dans le noir"},"content":{"rendered":"<p><br id=\"sep_para_1\" class=\"sep_para access\"\/><\/p>\n<div id=\"para_1\" class=\"para_32321547 resize\">\n<div class=\"texte access firstletter\">Apr\u00e8s avoir patient\u00e9 durant plusieurs semaines, le Comit\u00e9 du village a d\u00e9cid\u00e9 de sortir de sa r\u00e9serve et de saisir la presse sur le probl\u00e8me d\u2019absence d\u2019\u00e9lectricit\u00e9 dans lequel le village se d\u00e9bat depuis deux mois. \u00ab Plusieurs p\u00e9titions et r\u00e9clamations adress\u00e9es aux responsables locaux et au chef d\u2019agence d\u2019Ain El Turck de Sonelgaz sont rest\u00e9es sans r\u00e9ponse et les responsables sont aussi rest\u00e9s insensibles au calvaire que nous vivons au quotidien depuis plus de deux mois d\u00e9j\u00e0, p\u00e9riode qui t\u00e9moigne de notre patience, de notre sagesse \u00e0 privil\u00e9gier les voies l\u00e9gales, du dialogue et de la r\u00e9clamation pacifique, dans le respect de la hi\u00e9rarchie. Apr\u00e8s la p\u00e9riode glaciale que nous venons de subir avec le blocage des voies d\u2019acc\u00e8s, le manque de gaz, vivant dans l\u2019indiff\u00e9rence totale avec le strict minimum et une situation critique, est venue s\u2019ajouter le probl\u00e8me d\u2019\u00e9lectricit\u00e9, dont nous ne jouissons pas convenablement chaque jour que du petit matin jusqu\u2019\u00e0 13 heures, et puis, plus rien\u2026 \u00bb, d\u00e9plorent les citoyens. Selon ces derniers, ce probl\u00e8me est d\u00fb \u00e0 la capacit\u00e9 inadapt\u00e9e du transformateur, raccordant en totalit\u00e9 les abonn\u00e9s du village Bousfer plage, une partie importante du village, ainsi qu\u2019une partie des Coral\u00e8s. Le comit\u00e9 du village ajoute que le dit transformateur a \u00e9t\u00e9 remplac\u00e9 sans raisons apparentes. L\u2019ancien transformateur a fonctionn\u00e9 normalement durant dix ann\u00e9es, ajoute-t-on. Les responsables du Comit\u00e9 du m\u00eame village d\u00e9plorent en outre l\u2019inertie des responsables au niveau wilayal saisis au sujet du probl\u00e8me d\u2019\u00e9lectricit\u00e9. Ils enchainent que tout au long de ces deux mois, ils ont puis\u00e9 toutes les voies de recours administratives l\u00e9gales. Les concern\u00e9s disent avoir saisi madame le maire de leur localit\u00e9, le pr\u00e9sident de l\u2019assembl\u00e9e populaire de wilaya, le chef d\u2019agence Sonelgaz d\u2019Ain El Turck,\u00a0 mais en vain. Ils estiment que leur probl\u00e8me \u00e9tant local, sa solution ne pourrait \u00eatre que locale. C\u2019est ainsi qu\u2019il a \u00e9t\u00e9 d\u00e9cid\u00e9 par le comit\u00e9 de village de saisir directement le wali d&rsquo;Oran par \u00e9crit :\u00ab Par la pr\u00e9sente, nous venons frapper aux derni\u00e8res portes susceptibles de r\u00e9gler notre probl\u00e8me d\u00e9finitivement, en vous demandant de rappeler \u00e0 chacun des responsables concern\u00e9s les droits, les devoirs et les responsabilit\u00e9s que lui conf\u00e8rent ses fonctions \u00bb.Les repr\u00e9sentants des villageois estiment que si le mutisme de l\u2019administration se poursuit, ils seront dans l\u2019obligation d\u2019avoir recours \u00e0 des actions de protestation. Enfin, les citoyens exigent le respect et la dignit\u00e9 qui leur sont dus, le r\u00e9tablissement de leur droit \u00e0 l\u2019\u00e9lectricit\u00e9 par un courant stable et continu, le remplacement de l\u2019actuel transformateur par un autre plus puissant pouvant desservir correctement tous les abonn\u00e9s d\u00e9j\u00e0 raccord\u00e9s et pr\u00e9voir le raccordement des nombreuses constructions en cours et \u00e0 venir dans le cadre des constructions rurales par lesquelles l\u2019Etat tente de juguler l\u2019exode massif des populations vers les villes. Aussi, il est demand\u00e9 le r\u00e9tablissement de l\u2019\u00e9clairage public qui a \u00e9t\u00e9 coup\u00e9 pour renforcer le courant dans les foyers. Par ailleurs, les m\u00eames citoyens revendiquent le raccordement des habitations en instance et la remise en \u00e9tat des compteurs coup\u00e9s et d\u00e9plomb\u00e9s. Enfin, le Comit\u00e9 de village demande\u00a0 la prise en charge de cet espace de d\u00e9tente qui est en train de se d\u00e9grader de jour en jour, et ce, au vu et au su de tout le monde.<\/div>\n<\/div>\n<p>Auteur: Medjadji H.<br \/>\n<a href=\"https:\/\/www.reflexiondz.net\/ORAN-Le-village-touristique-de-Bousfer-plage-plonge-dans-le-noir_a56821.html\">Cliquez ici pour lire l&rsquo;article depuis sa source.<\/a><\/p>\n","protected":false},"excerpt":{"rendered":"<p>Apr\u00e8s avoir patient\u00e9 durant plusieurs semaines, le Comit\u00e9 du village a d\u00e9cid\u00e9 de sortir de sa r\u00e9serve et de saisir la presse sur le probl\u00e8me d\u2019absence d\u2019\u00e9lectricit\u00e9 dans lequel le village se d\u00e9bat depuis deux mois. \u00ab Plusieurs p\u00e9titions et r\u00e9clamations adress\u00e9es aux responsables locaux et au chef d\u2019agence d\u2019Ain El Turck de Sonelgaz sont [&hellip;]<\/p>\n","protected":false},"author":1740,"featured_media":0,"comment_status":"closed","ping_status":"closed","sticky":false,"template":"","format":"standard","meta":{"fifu_image_url":"","fifu_image_alt":"","footnotes":""},"categories":[53,76],"tags":[],"class_list":["post-48879","post","type-post","status-publish","format-standard","hentry","category-algerie","category-regions"],"_links":{"self":[{"href":"https:\/\/linitiative.ca\/International\/wp-json\/wp\/v2\/posts\/48879","targetHints":{"allow":["GET"]}}],"collection":[{"href":"https:\/\/linitiative.ca\/International\/wp-json\/wp\/v2\/posts"}],"about":[{"href":"https:\/\/linitiative.ca\/International\/wp-json\/wp\/v2\/types\/post"}],"author":[{"embeddable":true,"href":"https:\/\/linitiative.ca\/International\/wp-json\/wp\/v2\/users\/1740"}],"replies":[{"embeddable":true,"href":"https:\/\/linitiative.ca\/International\/wp-json\/wp\/v2\/comments?post=48879"}],"version-history":[{"count":0,"href":"https:\/\/linitiative.ca\/International\/wp-json\/wp\/v2\/posts\/48879\/revisions"}],"wp:attachment":[{"href":"https:\/\/linitiative.ca\/International\/wp-json\/wp\/v2\/media?parent=48879"}],"wp:term":[{"taxonomy":"category","embeddable":true,"href":"https:\/\/linitiative.ca\/International\/wp-json\/wp\/v2\/categories?post=48879"},{"taxonomy":"post_tag","embeddable":true,"href":"https:\/\/linitiative.ca\/International\/wp-json\/wp\/v2\/tags?post=48879"}],"curies":[{"name":"wp","href":"https:\/\/api.w.org\/{rel}","templated":true}]}}