{"id":48880,"date":"2019-07-27T14:52:00","date_gmt":"2019-07-27T18:52:00","guid":{"rendered":"https:\/\/linitiative.ca\/International\/sidi-hosni-tiaret-des-familles-du-douar-maiz-sans-eau-et-sans-electricite\/"},"modified":"2019-07-27T14:52:00","modified_gmt":"2019-07-27T18:52:00","slug":"sidi-hosni-tiaret-des-familles-du-douar-maiz-sans-eau-et-sans-electricite","status":"publish","type":"post","link":"https:\/\/linitiative.ca\/International\/sidi-hosni-tiaret-des-familles-du-douar-maiz-sans-eau-et-sans-electricite\/","title":{"rendered":"SIDI HOSNI (TIARET) : Des familles du douar \u00ab\u00a0maiz\u00a0\u00bb, sans eau et sans \u00e9lectricit\u00e9"},"content":{"rendered":"<p><br id=\"sep_para_1\" class=\"sep_para access\"\/><\/p>\n<div id=\"para_1\" class=\"para_32321536 resize\">\n<div class=\"texte access firstletter\">Depuis que nos anc\u00eatres se sont implant\u00e9s dans cette r\u00e9gion, au d\u00e9but des ann\u00e9es 1940,nous sommes otages \u00e0 la soif et l&rsquo;obscurit\u00e9, nous dira un habitant septuag\u00e9naire, qui ajoute que plusieurs familles vivent un v\u00e9ritable calvaire au douar \u00ab\u00a0Maiz\u00a0\u00bb,distant de pr\u00e8s de 5 km du chef-lieu de commune de Sidi-Hosni, qui se trouve \u00e0 28 km du chef-lieu de wilaya de Tiaret et qu&rsquo;ils sont contraints \u00e0 de co\u00fbteux d\u00e9placements pour s&rsquo;approvisionner en eau potable et il est utile de rappeler que plusieurs familles font toujours recours aux bougies et rares sont les familles qui s&rsquo;alimentent en \u00e9nergie \u00e9lectrique \u00e0 partir de groupes \u00e9lectrog\u00e8nes, indique notre interlocuteur, qui pr\u00e9cise que plusieurs familles ont abandonn\u00e9 la vie dans ce douar qui n&rsquo;a jamais \u00e9t\u00e9 \u00e0 l&rsquo;axe des soucis des \u00e9lus et\u00a0 responsables locaux et juste pour rappel, pr\u00e9cise notre interlocuteur ,plusieurs familles ont d\u00e9m\u00e9nag\u00e9 vers d&rsquo;autres destinations, laissant leurs parcelles de terres agricoles consid\u00e9r\u00e9es comme uniques ressources, appuy\u00e9es par de modestes \u00e9levages de caprins et d&rsquo;ovins dont l&rsquo;unique souci pour permettre \u00e0 leurs enfants d\u2019\u00eatre scolarises. Notre interlocuteur nous fait part de son inqui\u00e9tude et d\u00e9clare qu\u2019apr\u00e8s de successives correspondances aux instances concern\u00e9es, le douar reste, \u00e0 nos jours, toujours proie \u00e0 la soif et \u00e0 l&rsquo;obscurit\u00e9 et ce, depuis les ann\u00e9es 1940 date de leur implantation dans cette r\u00e9gion des suites des atrocit\u00e9s de l\u2019arm\u00e9e coloniale et apr\u00e8s l\u2019ind\u00e9pendance, cette r\u00e9gion a subi les pires affres et a pay\u00e9 un lourd tribut lors de la d\u00e9cennie noire et attend toujours de meilleurs lendemains ,ajoute notre interlocuteur, les larmes aux yeux.\u00a0\u00a0\u00a0\u00a0\u00a0\u00a0\u00a0<\/div>\n<\/div>\n<p>Auteur: Abdelkader Benrebiha<br \/>\n<a href=\"https:\/\/www.reflexiondz.net\/SIDI-HOSNI-TIARET-Des-familles-du-douar-maiz--sans-eau-et-sans-electricite_a56819.html\">Cliquez ici pour lire l&rsquo;article depuis sa source.<\/a><\/p>\n","protected":false},"excerpt":{"rendered":"<p>Depuis que nos anc\u00eatres se sont implant\u00e9s dans cette r\u00e9gion, au d\u00e9but des ann\u00e9es 1940,nous sommes otages \u00e0 la soif et l&rsquo;obscurit\u00e9, nous dira un habitant septuag\u00e9naire, qui ajoute que plusieurs familles vivent un v\u00e9ritable calvaire au douar \u00ab\u00a0Maiz\u00a0\u00bb,distant de pr\u00e8s de 5 km du chef-lieu de commune de Sidi-Hosni, qui se trouve \u00e0 28 [&hellip;]<\/p>\n","protected":false},"author":1740,"featured_media":0,"comment_status":"closed","ping_status":"closed","sticky":false,"template":"","format":"standard","meta":{"fifu_image_url":"","fifu_image_alt":"","footnotes":""},"categories":[53,76],"tags":[],"class_list":["post-48880","post","type-post","status-publish","format-standard","hentry","category-algerie","category-regions"],"_links":{"self":[{"href":"https:\/\/linitiative.ca\/International\/wp-json\/wp\/v2\/posts\/48880","targetHints":{"allow":["GET"]}}],"collection":[{"href":"https:\/\/linitiative.ca\/International\/wp-json\/wp\/v2\/posts"}],"about":[{"href":"https:\/\/linitiative.ca\/International\/wp-json\/wp\/v2\/types\/post"}],"author":[{"embeddable":true,"href":"https:\/\/linitiative.ca\/International\/wp-json\/wp\/v2\/users\/1740"}],"replies":[{"embeddable":true,"href":"https:\/\/linitiative.ca\/International\/wp-json\/wp\/v2\/comments?post=48880"}],"version-history":[{"count":0,"href":"https:\/\/linitiative.ca\/International\/wp-json\/wp\/v2\/posts\/48880\/revisions"}],"wp:attachment":[{"href":"https:\/\/linitiative.ca\/International\/wp-json\/wp\/v2\/media?parent=48880"}],"wp:term":[{"taxonomy":"category","embeddable":true,"href":"https:\/\/linitiative.ca\/International\/wp-json\/wp\/v2\/categories?post=48880"},{"taxonomy":"post_tag","embeddable":true,"href":"https:\/\/linitiative.ca\/International\/wp-json\/wp\/v2\/tags?post=48880"}],"curies":[{"name":"wp","href":"https:\/\/api.w.org\/{rel}","templated":true}]}}