{"id":48883,"date":"2019-07-27T15:08:00","date_gmt":"2019-07-27T19:08:00","guid":{"rendered":"https:\/\/linitiative.ca\/International\/le-maire-dain-tedeles-bluffe-a-paris\/"},"modified":"2019-07-27T15:08:00","modified_gmt":"2019-07-27T19:08:00","slug":"le-maire-dain-tedeles-bluffe-a-paris","status":"publish","type":"post","link":"https:\/\/linitiative.ca\/International\/le-maire-dain-tedeles-bluffe-a-paris\/","title":{"rendered":"Le maire d\u2019Ain T\u00e9del\u00e8s bluffe \u00e0 Paris"},"content":{"rendered":"<p><br id=\"sep_para_1\" class=\"sep_para access\"\/><\/p>\n<div id=\"para_1\" class=\"para_32321662 resize\">\n<div class=\"texte access firstletter\">Selon un communiqu\u00e9 de l\u2019association \u2018\u2019Diaspora des Alg\u00e9riens R\u00e9sidant \u00e0 l\u2019Etranger\u2019\u2019, cette derni\u00e8re\u00a0 a re\u00e7u le P\/APC d&rsquo;A\u00efn T\u00e9del\u00e8s, Mohamed Tahri, en son si\u00e8ge \u00e0 Aubervilliers. En compagnie de responsables associatifs, le maire\u00a0 a eu le plaisir de d\u00e9couvrir la ville, a r\u00e9v\u00e9l\u00e9 la source. Apr\u00e8s lui avoir fait visiter \u00e9galement l\u2019Op\u00e9ra Garnier \u00e0 Paris, M. Tahri, a bluff\u00e9\u00a0 comme \u2018\u2019\u00e0 son habitude\u2019\u2019 les membres de l\u2019association en d\u00e9clarant qu\u2019il aimerait mettre en \u0153uvre des projets de partenariat lui permettant de mieux faire conna\u00eetre sa culture r\u00e9gionale en France, et peut-\u00eatre accueillir des spectacles fran\u00e7ais \u00e0 Ain T\u00e9del\u00e8s. Les responsables de notre association sont sortis \u00e9blouis de cet \u00e9change car depuis longtemps ils attendent des r\u00e9ponses de plusieurs minist\u00e8res pour des projets qui sont rest\u00e9s lettres mortes, disent-ils.<\/div>\n<\/div>\n<p>Auteur: R\u00e9flexion<br \/>\n<a href=\"https:\/\/www.reflexiondz.net\/Le-maire-d-Ain-Tedeles-bluffe-a-Paris_a56834.html\">Cliquez ici pour lire l&rsquo;article depuis sa source.<\/a><\/p>\n","protected":false},"excerpt":{"rendered":"<p>Selon un communiqu\u00e9 de l\u2019association \u2018\u2019Diaspora des Alg\u00e9riens R\u00e9sidant \u00e0 l\u2019Etranger\u2019\u2019, cette derni\u00e8re\u00a0 a re\u00e7u le P\/APC d&rsquo;A\u00efn T\u00e9del\u00e8s, Mohamed Tahri, en son si\u00e8ge \u00e0 Aubervilliers. En compagnie de responsables associatifs, le maire\u00a0 a eu le plaisir de d\u00e9couvrir la ville, a r\u00e9v\u00e9l\u00e9 la source. Apr\u00e8s lui avoir fait visiter \u00e9galement l\u2019Op\u00e9ra Garnier \u00e0 Paris, [&hellip;]<\/p>\n","protected":false},"author":1740,"featured_media":0,"comment_status":"closed","ping_status":"closed","sticky":false,"template":"","format":"standard","meta":{"fifu_image_url":"","fifu_image_alt":"","footnotes":""},"categories":[53,76],"tags":[],"class_list":["post-48883","post","type-post","status-publish","format-standard","hentry","category-algerie","category-regions"],"_links":{"self":[{"href":"https:\/\/linitiative.ca\/International\/wp-json\/wp\/v2\/posts\/48883","targetHints":{"allow":["GET"]}}],"collection":[{"href":"https:\/\/linitiative.ca\/International\/wp-json\/wp\/v2\/posts"}],"about":[{"href":"https:\/\/linitiative.ca\/International\/wp-json\/wp\/v2\/types\/post"}],"author":[{"embeddable":true,"href":"https:\/\/linitiative.ca\/International\/wp-json\/wp\/v2\/users\/1740"}],"replies":[{"embeddable":true,"href":"https:\/\/linitiative.ca\/International\/wp-json\/wp\/v2\/comments?post=48883"}],"version-history":[{"count":0,"href":"https:\/\/linitiative.ca\/International\/wp-json\/wp\/v2\/posts\/48883\/revisions"}],"wp:attachment":[{"href":"https:\/\/linitiative.ca\/International\/wp-json\/wp\/v2\/media?parent=48883"}],"wp:term":[{"taxonomy":"category","embeddable":true,"href":"https:\/\/linitiative.ca\/International\/wp-json\/wp\/v2\/categories?post=48883"},{"taxonomy":"post_tag","embeddable":true,"href":"https:\/\/linitiative.ca\/International\/wp-json\/wp\/v2\/tags?post=48883"}],"curies":[{"name":"wp","href":"https:\/\/api.w.org\/{rel}","templated":true}]}}