{"id":48884,"date":"2019-07-27T15:08:00","date_gmt":"2019-07-27T19:08:00","guid":{"rendered":"https:\/\/linitiative.ca\/International\/deces-de-2-parturientes-a-msila-le-ministere-de-la-sante-depeche-une-commission-denquete\/"},"modified":"2019-07-27T15:08:00","modified_gmt":"2019-07-27T19:08:00","slug":"deces-de-2-parturientes-a-msila-le-ministere-de-la-sante-depeche-une-commission-denquete","status":"publish","type":"post","link":"https:\/\/linitiative.ca\/International\/deces-de-2-parturientes-a-msila-le-ministere-de-la-sante-depeche-une-commission-denquete\/","title":{"rendered":"DECES DE 2 PARTURIENTES A M\u2019SILA : Le minist\u00e8re de la Sant\u00e9 d\u00e9p\u00eache une commission d\u2019enqu\u00eate"},"content":{"rendered":"<p><br id=\"sep_para_1\" class=\"sep_para access\"\/><\/p>\n<div id=\"para_1\" class=\"para_32321656 resize\">\n<div class=\"texte access firstletter\">Le ministre de la Sant\u00e9, de la Population et de la R\u00e9forme hospitali\u00e8re, Mohamed Miraoui a annonc\u00e9, ce vendredi, l\u2019ouverture d\u2019une enqu\u00eate sur le d\u00e9c\u00e8s de deux parturientes \u00e0 M\u2019sila. Une commission d\u2019enqu\u00eate sp\u00e9cialis\u00e9e a \u00e9t\u00e9 d\u00e9p\u00each\u00e9e par le Minist\u00e8re de la Sant\u00e9 pour faire la lumi\u00e8re sur les circonstances du tragique incident de la mort de deux parturientes hier vendredi. \u00bbNous avons envoy\u00e9 imm\u00e9diatement une commission d\u2019enqu\u00eate et d\u2019inspection \u00e0 M\u2019sila, plus pr\u00e9cis\u00e9ment \u00e0 l\u2019h\u00f4pital Slimane Amirat et \u00e0\u00a0 l\u2019h\u00f4pital El Zahraoui pour enqu\u00eater sur cette affaire, a d\u00e9clar\u00e9 le ministre \u00e0 Ennahar Selon lui,\u00a0 la premi\u00e8re femme enceinte est d\u00e9c\u00e9d\u00e9e d\u2019une insuffisance r\u00e9nale \u00e0 l\u2019h\u00f4pital Slimane Amirat, tandis que la seconde est d\u00e9c\u00e9d\u00e9e suite \u00e0 des complications respiratoires \u00e0 l\u2019h\u00f4pital El Zahraoui.<\/div>\n<\/div>\n<p>Auteur: Nadine<br \/>\n<a href=\"https:\/\/www.reflexiondz.net\/DECES-DE-2-PARTURIENTES-A-M-SILA-Le-ministere-de-la-Sante-depeche-une-commission-d-enquete_a56833.html\">Cliquez ici pour lire l&rsquo;article depuis sa source.<\/a><\/p>\n","protected":false},"excerpt":{"rendered":"<p>Le ministre de la Sant\u00e9, de la Population et de la R\u00e9forme hospitali\u00e8re, Mohamed Miraoui a annonc\u00e9, ce vendredi, l\u2019ouverture d\u2019une enqu\u00eate sur le d\u00e9c\u00e8s de deux parturientes \u00e0 M\u2019sila. Une commission d\u2019enqu\u00eate sp\u00e9cialis\u00e9e a \u00e9t\u00e9 d\u00e9p\u00each\u00e9e par le Minist\u00e8re de la Sant\u00e9 pour faire la lumi\u00e8re sur les circonstances du tragique incident de la [&hellip;]<\/p>\n","protected":false},"author":1740,"featured_media":0,"comment_status":"closed","ping_status":"closed","sticky":false,"template":"","format":"standard","meta":{"fifu_image_url":"","fifu_image_alt":"","footnotes":""},"categories":[53,76],"tags":[],"class_list":["post-48884","post","type-post","status-publish","format-standard","hentry","category-algerie","category-regions"],"_links":{"self":[{"href":"https:\/\/linitiative.ca\/International\/wp-json\/wp\/v2\/posts\/48884","targetHints":{"allow":["GET"]}}],"collection":[{"href":"https:\/\/linitiative.ca\/International\/wp-json\/wp\/v2\/posts"}],"about":[{"href":"https:\/\/linitiative.ca\/International\/wp-json\/wp\/v2\/types\/post"}],"author":[{"embeddable":true,"href":"https:\/\/linitiative.ca\/International\/wp-json\/wp\/v2\/users\/1740"}],"replies":[{"embeddable":true,"href":"https:\/\/linitiative.ca\/International\/wp-json\/wp\/v2\/comments?post=48884"}],"version-history":[{"count":0,"href":"https:\/\/linitiative.ca\/International\/wp-json\/wp\/v2\/posts\/48884\/revisions"}],"wp:attachment":[{"href":"https:\/\/linitiative.ca\/International\/wp-json\/wp\/v2\/media?parent=48884"}],"wp:term":[{"taxonomy":"category","embeddable":true,"href":"https:\/\/linitiative.ca\/International\/wp-json\/wp\/v2\/categories?post=48884"},{"taxonomy":"post_tag","embeddable":true,"href":"https:\/\/linitiative.ca\/International\/wp-json\/wp\/v2\/tags?post=48884"}],"curies":[{"name":"wp","href":"https:\/\/api.w.org\/{rel}","templated":true}]}}