{"id":48885,"date":"2019-07-27T15:08:00","date_gmt":"2019-07-27T19:08:00","guid":{"rendered":"https:\/\/linitiative.ca\/International\/saison-estivale-plus-de-33-millions-de-personnes-ont-frequente-les-plages\/"},"modified":"2019-07-27T15:08:00","modified_gmt":"2019-07-27T19:08:00","slug":"saison-estivale-plus-de-33-millions-de-personnes-ont-frequente-les-plages","status":"publish","type":"post","link":"https:\/\/linitiative.ca\/International\/saison-estivale-plus-de-33-millions-de-personnes-ont-frequente-les-plages\/","title":{"rendered":"SAISON ESTIVALE : Plus de 33 millions de personnes ont fr\u00e9quent\u00e9 les plages"},"content":{"rendered":"<p><br id=\"sep_para_1\" class=\"sep_para access\"\/><\/p>\n<div id=\"para_1\" class=\"para_32321651 resize\">\n<div class=\"texte access firstletter\">Plus de 33 millions de personnes ont fr\u00e9quent\u00e9 les plages ouvertes \u00e0 la baignade au niveau national depuis le d\u00e9but de la saison estivale, a annonc\u00e9 une responsable du minist\u00e8re de l&rsquo;Int\u00e9rieur, des Collectivit\u00e9s locales et de l&rsquo;Am\u00e9nagement du territoire. \u00ab\u00a0Un total de 33.463.217 estivants ont fr\u00e9quent\u00e9 les 426 plages autoris\u00e9es \u00e0 la baignade au niveau national du 1er juin au 22 juillet 2019\u00a0\u00bb, a indiqu\u00e9 \u00e0 l&rsquo;APS la sous-directrice de l&rsquo;Organisation et du d\u00e9veloppement du territoire et chef de projet \u00ab\u00a0saison estivale\u00a0\u00bb au minist\u00e8re de l&rsquo;Int\u00e9rieur, Lamia Bouderouia. Elle a pr\u00e9cis\u00e9 que la wilaya d&rsquo;Oran arrive en t\u00eate des wilayas c\u00f4ti\u00e8res en mati\u00e8re de fr\u00e9quentation des plages avec plus de 6 millions d&rsquo;estivants, suivie des wilayas de Boumerdes (plus de 4 millions), Mostaganem, Jijel et Skikda (plus de 3 millions), Tipasa (2 millions) et Alger (pr\u00e8s de 2 millions).\u00a0<\/div>\n<\/div>\n<p>Auteur: Ismain<br \/>\n<a href=\"https:\/\/www.reflexiondz.net\/SAISON-ESTIVALE-Plus-de-33-millions-de-personnes-ont-frequente-les-plages_a56832.html\">Cliquez ici pour lire l&rsquo;article depuis sa source.<\/a><\/p>\n","protected":false},"excerpt":{"rendered":"<p>Plus de 33 millions de personnes ont fr\u00e9quent\u00e9 les plages ouvertes \u00e0 la baignade au niveau national depuis le d\u00e9but de la saison estivale, a annonc\u00e9 une responsable du minist\u00e8re de l&rsquo;Int\u00e9rieur, des Collectivit\u00e9s locales et de l&rsquo;Am\u00e9nagement du territoire. \u00ab\u00a0Un total de 33.463.217 estivants ont fr\u00e9quent\u00e9 les 426 plages autoris\u00e9es \u00e0 la baignade au [&hellip;]<\/p>\n","protected":false},"author":1740,"featured_media":0,"comment_status":"closed","ping_status":"closed","sticky":false,"template":"","format":"standard","meta":{"fifu_image_url":"","fifu_image_alt":"","footnotes":""},"categories":[53,76],"tags":[],"class_list":["post-48885","post","type-post","status-publish","format-standard","hentry","category-algerie","category-regions"],"_links":{"self":[{"href":"https:\/\/linitiative.ca\/International\/wp-json\/wp\/v2\/posts\/48885","targetHints":{"allow":["GET"]}}],"collection":[{"href":"https:\/\/linitiative.ca\/International\/wp-json\/wp\/v2\/posts"}],"about":[{"href":"https:\/\/linitiative.ca\/International\/wp-json\/wp\/v2\/types\/post"}],"author":[{"embeddable":true,"href":"https:\/\/linitiative.ca\/International\/wp-json\/wp\/v2\/users\/1740"}],"replies":[{"embeddable":true,"href":"https:\/\/linitiative.ca\/International\/wp-json\/wp\/v2\/comments?post=48885"}],"version-history":[{"count":0,"href":"https:\/\/linitiative.ca\/International\/wp-json\/wp\/v2\/posts\/48885\/revisions"}],"wp:attachment":[{"href":"https:\/\/linitiative.ca\/International\/wp-json\/wp\/v2\/media?parent=48885"}],"wp:term":[{"taxonomy":"category","embeddable":true,"href":"https:\/\/linitiative.ca\/International\/wp-json\/wp\/v2\/categories?post=48885"},{"taxonomy":"post_tag","embeddable":true,"href":"https:\/\/linitiative.ca\/International\/wp-json\/wp\/v2\/tags?post=48885"}],"curies":[{"name":"wp","href":"https:\/\/api.w.org\/{rel}","templated":true}]}}