{"id":48887,"date":"2019-07-27T05:01:30","date_gmt":"2019-07-27T09:01:30","guid":{"rendered":"https:\/\/linitiative.ca\/International\/transfert-rachid-bouhenna-signe-en-roumanie\/"},"modified":"2019-07-27T05:01:30","modified_gmt":"2019-07-27T09:01:30","slug":"transfert-rachid-bouhenna-signe-en-roumanie","status":"publish","type":"post","link":"https:\/\/linitiative.ca\/International\/transfert-rachid-bouhenna-signe-en-roumanie\/","title":{"rendered":"Transfert :\u00a0Rachid Bouhenna signe en Roumanie"},"content":{"rendered":"<h4 class=\"title-14\"\/>\n<p class=\"p4\"><span class=\"s1\"><strong>L<\/strong><\/span><span class=\"s1\">e club roumain de Premi\u00e8re Division de football, Sepsi Sf\u00e2ntu Gheorghe, s\u2019est attach\u00e9 les services du d\u00e9fenseur alg\u00e9rien, Rachid Bouhenna, apr\u00e8s une saison seulement pass\u00e9e \u00e0 Dundee United en Ecosse, a rapport\u00e9 jeudi le site DZFoot.com.<\/span><\/p>\n<p class=\"p4\"><span class=\"s1\">L\u2019ancien joueur du MC Alger et vainqueur de la coupe d\u2019Alg\u00e9rie et de la Supercoupe en 2016, s\u2019est engag\u00e9 pour un contrat de deux saisons avec Sepsi, class\u00e9 sixi\u00e8me du dernier championnat de Roumanie.<\/span><\/p>\n<p class=\"p4\"><span class=\"s1\">Bouhenna (28 ans) avait \u00e9t\u00e9 recrut\u00e9 comme demi-centre par Dundee United, mais il a \u00e9volu\u00e9 dans plusieurs postes durant les 31 matchs qu\u2019il a jou\u00e9s avec les Tangerines pour un seul but inscrit. L\u2019entra\u00eeneur de Dundee United, Robbie Neilson, avait reconnu les capacit\u00e9s techniques de Bouhenna, avec un bon travail d\u00e9fensif tout en poss\u00e9dant une habilet\u00e9 dans la relance.<\/span><\/p>\n<p class=\"p4\"><span class=\"s1\"><em>\u00abOn regrette certes son d\u00e9part, mais peut-\u00eatre que cela serait une bonne chose pour lui, surtout qu\u2019avec le temps et cela s\u2019est confirm\u00e9, que le syst\u00e8me de jeu de Dundee ne l\u2019aidait pas \u00e0 \u00e9voluer dans le jeu et surtout \u00e0 suivre le rythme des matchs dans son r\u00f4le\u00bb<\/em>, a indiqu\u00e9 Neilson au site Nottheoldfirm.com, tout en lui souhaitant de la r\u00e9ussite avec son nouveau club avec lequel il est s\u00fbr qu\u2019il sera meilleur.<\/span><\/p>\n<p class=\"p4\"><span class=\"s1\">En Alg\u00e9rie, Bouhenna a port\u00e9 les couleurs du CS Constantine et du MC Alger. Le joueur avait connu auparavant une carri\u00e8re en amateur au sein de plusieurs clubs en France, en Belgique et avec Doncaster Rovers en Angleterre.<\/span><\/p>\n<p><span class=\"post-views-label\">Post Views:<\/span> <span class=\"post-views-count\">127<\/span><\/p>\n<p><br class=\"c4\"\/><\/p>\n<p>Auteur: Anis Khecheba<br \/>\n<a href=\"https:\/\/www.elwatan.com\/edition\/sports\/transfert-rachid-bouhenna-signe-en-roumanie-27-07-2019\">Cliquez ici pour lire l&rsquo;article depuis sa source.<\/a><\/p>\n","protected":false},"excerpt":{"rendered":"<p>Le club roumain de Premi\u00e8re Division de football, Sepsi Sf\u00e2ntu Gheorghe, s\u2019est attach\u00e9 les services du d\u00e9fenseur alg\u00e9rien, Rachid Bouhenna, apr\u00e8s une saison seulement pass\u00e9e \u00e0 Dundee United en Ecosse, a rapport\u00e9 jeudi le site DZFoot.com. L\u2019ancien joueur du MC Alger et vainqueur de la coupe d\u2019Alg\u00e9rie et de la Supercoupe en 2016, s\u2019est engag\u00e9 [&hellip;]<\/p>\n","protected":false},"author":1743,"featured_media":0,"comment_status":"closed","ping_status":"closed","sticky":false,"template":"","format":"standard","meta":{"fifu_image_url":"","fifu_image_alt":"","footnotes":""},"categories":[73,53],"tags":[],"class_list":["post-48887","post","type-post","status-publish","format-standard","hentry","category-actualite","category-algerie"],"_links":{"self":[{"href":"https:\/\/linitiative.ca\/International\/wp-json\/wp\/v2\/posts\/48887","targetHints":{"allow":["GET"]}}],"collection":[{"href":"https:\/\/linitiative.ca\/International\/wp-json\/wp\/v2\/posts"}],"about":[{"href":"https:\/\/linitiative.ca\/International\/wp-json\/wp\/v2\/types\/post"}],"author":[{"embeddable":true,"href":"https:\/\/linitiative.ca\/International\/wp-json\/wp\/v2\/users\/1743"}],"replies":[{"embeddable":true,"href":"https:\/\/linitiative.ca\/International\/wp-json\/wp\/v2\/comments?post=48887"}],"version-history":[{"count":0,"href":"https:\/\/linitiative.ca\/International\/wp-json\/wp\/v2\/posts\/48887\/revisions"}],"wp:attachment":[{"href":"https:\/\/linitiative.ca\/International\/wp-json\/wp\/v2\/media?parent=48887"}],"wp:term":[{"taxonomy":"category","embeddable":true,"href":"https:\/\/linitiative.ca\/International\/wp-json\/wp\/v2\/categories?post=48887"},{"taxonomy":"post_tag","embeddable":true,"href":"https:\/\/linitiative.ca\/International\/wp-json\/wp\/v2\/tags?post=48887"}],"curies":[{"name":"wp","href":"https:\/\/api.w.org\/{rel}","templated":true}]}}