{"id":48888,"date":"2019-07-27T05:01:39","date_gmt":"2019-07-27T09:01:39","guid":{"rendered":"https:\/\/linitiative.ca\/International\/boumerdes-les-plumes-de-mon-pays-en-competition\/"},"modified":"2019-07-27T05:01:39","modified_gmt":"2019-07-27T09:01:39","slug":"boumerdes-les-plumes-de-mon-pays-en-competition","status":"publish","type":"post","link":"https:\/\/linitiative.ca\/International\/boumerdes-les-plumes-de-mon-pays-en-competition\/","title":{"rendered":"Boumerd\u00e8s :\u00a0Les \u00abplumes de mon pays\u00bb en comp\u00e9tition"},"content":{"rendered":"<h4 class=\"title-14\"\/>\n<p class=\"p4\"><span class=\"s1\">Le lyc\u00e9e Frantz Fanon de Boumerd\u00e8s accueille, du 23 au 29 juillet, le concours national de la meilleure production \u00e9crite scolaire \u00abPlumes de mon pays\u00bb dans quatre langues\u00a0: l\u2019arabe, le tamazight, le fran\u00e7ais et l\u2019anglais. 33 \u00e9l\u00e8ves des trois paliers (primaire, moyen et secondaire) venant de 21 wilayas ont r\u00e9ussi \u00e0 se qualifier \u00e0 cette finale qui r\u00e9compensera les laur\u00e9ats de chaque discipline.<\/span><\/p>\n<p class=\"p4\"><span class=\"s1\">Plac\u00e9e sous le slogan \u00abPour une \u00e9cole de qualit\u00e9, espace d\u2019inspiration pour un lecteur assidu et un \u00e9crivain novateur\u00bb, les candidats doivent participer \u00e0 des ateliers d\u2019apprentissage et d\u2019\u00e9criture sous l\u2019encadrement de personnalit\u00e9s litt\u00e9raires dans les domaines de la p\u00e9dagogie et de la litt\u00e9rature, ainsi que des inspecteurs de l\u2019\u00e9ducation nationale.<\/span><\/p>\n<p class=\"p4\"><span class=\"s1\">Plusieurs secteurs ont marqu\u00e9 leur pr\u00e9sence, \u00e0 l\u2019image de la biblioth\u00e8que mobile de la direction de la culture de Boumerd\u00e8s. Le programme comprend \u00e9galement des apr\u00e8s-midi consacr\u00e9s \u00e0 des sorties culturelles et touristiques. <em>\u00abL\u2019objectif est de faire conna\u00eetre la litt\u00e9rature alg\u00e9rienne et universelle \u00e0 nos jeunes talents\u00bb<\/em>, a soulign\u00e9 un membre de l\u2019organisation.<\/span><\/p>\n<p class=\"p4\"><span class=\"s1\">Il est \u00e0 noter que la participation f\u00e9minine est majoritaire. Les noms des laur\u00e9ats seront connus en novembre prochain, lors du Salon international du livre d\u2019Alger.<\/span><\/p>\n<p><span class=\"post-views-label\">Post Views:<\/span> <span class=\"post-views-count\">42<\/span><\/p>\n<p><br class=\"c4\"\/><\/p>\n<p>Auteur: Anis Khecheba<br \/>\n<a href=\"https:\/\/www.elwatan.com\/edition\/culture\/boumerdes-les-plumes-de-mon-pays-en-competition-27-07-2019\">Cliquez ici pour lire l&rsquo;article depuis sa source.<\/a><\/p>\n","protected":false},"excerpt":{"rendered":"<p>Le lyc\u00e9e Frantz Fanon de Boumerd\u00e8s accueille, du 23 au 29 juillet, le concours national de la meilleure production \u00e9crite scolaire \u00abPlumes de mon pays\u00bb dans quatre langues\u00a0: l\u2019arabe, le tamazight, le fran\u00e7ais et l\u2019anglais. 33 \u00e9l\u00e8ves des trois paliers (primaire, moyen et secondaire) venant de 21 wilayas ont r\u00e9ussi \u00e0 se qualifier \u00e0 cette [&hellip;]<\/p>\n","protected":false},"author":1743,"featured_media":0,"comment_status":"closed","ping_status":"closed","sticky":false,"template":"","format":"standard","meta":{"fifu_image_url":"","fifu_image_alt":"","footnotes":""},"categories":[73,53],"tags":[],"class_list":["post-48888","post","type-post","status-publish","format-standard","hentry","category-actualite","category-algerie"],"_links":{"self":[{"href":"https:\/\/linitiative.ca\/International\/wp-json\/wp\/v2\/posts\/48888","targetHints":{"allow":["GET"]}}],"collection":[{"href":"https:\/\/linitiative.ca\/International\/wp-json\/wp\/v2\/posts"}],"about":[{"href":"https:\/\/linitiative.ca\/International\/wp-json\/wp\/v2\/types\/post"}],"author":[{"embeddable":true,"href":"https:\/\/linitiative.ca\/International\/wp-json\/wp\/v2\/users\/1743"}],"replies":[{"embeddable":true,"href":"https:\/\/linitiative.ca\/International\/wp-json\/wp\/v2\/comments?post=48888"}],"version-history":[{"count":0,"href":"https:\/\/linitiative.ca\/International\/wp-json\/wp\/v2\/posts\/48888\/revisions"}],"wp:attachment":[{"href":"https:\/\/linitiative.ca\/International\/wp-json\/wp\/v2\/media?parent=48888"}],"wp:term":[{"taxonomy":"category","embeddable":true,"href":"https:\/\/linitiative.ca\/International\/wp-json\/wp\/v2\/categories?post=48888"},{"taxonomy":"post_tag","embeddable":true,"href":"https:\/\/linitiative.ca\/International\/wp-json\/wp\/v2\/tags?post=48888"}],"curies":[{"name":"wp","href":"https:\/\/api.w.org\/{rel}","templated":true}]}}