{"id":48891,"date":"2019-07-27T05:03:09","date_gmt":"2019-07-27T09:03:09","guid":{"rendered":"https:\/\/linitiative.ca\/International\/la-faf-affirme-que-zetchi-ne-demissionnera-pas\/"},"modified":"2019-07-27T05:03:09","modified_gmt":"2019-07-27T09:03:09","slug":"la-faf-affirme-que-zetchi-ne-demissionnera-pas","status":"publish","type":"post","link":"https:\/\/linitiative.ca\/International\/la-faf-affirme-que-zetchi-ne-demissionnera-pas\/","title":{"rendered":"La FAF affirme que Zetchi ne d\u00e9missionnera pas"},"content":{"rendered":"<h4 class=\"title-14\">Tout en \u00e9vitant d\u2019\u00e9voquer ce qui s\u2019est pass\u00e9 lors de la c\u00e9r\u00e9monie<\/h4>\n<div class=\"featured_image\"><img width=\"800\" height=\"459\" data-cfsrc=\"https:\/\/www.elwatan.com\/wp-content\/uploads\/2019\/07\/Sans-titre-1-227.gif\" class=\"attachment-post-thumbnail size-post-thumbnail wp-post-image c2\" alt=\"\"\/><noscript><\/p>\n<p><img loading=\"lazy\" decoding=\"async\" width=\"800\" height=\"459\" src=\"https:\/\/www.elwatan.com\/wp-content\/uploads\/2019\/07\/Sans-titre-1-227.gif\" class=\"attachment-post-thumbnail size-post-thumbnail wp-post-image\" alt=\"\"\/><\/p>\n<p><\/noscript><\/div>\n<p class=\"p4\"><span class=\"s1\"><strong>K<\/strong><\/span><span class=\"s1\">heireddine Zetchi, et comme annonc\u00e9 par <em>El Watan<\/em> dans sa derni\u00e8re livraison, n\u2019a plus l\u2019intention de quitter la pr\u00e9sidence de la F\u00e9d\u00e9ration alg\u00e9rienne de football (FAF). Une d\u00e9cision confirm\u00e9e par l\u2019int\u00e9ress\u00e9 via un communiqu\u00e9 de la FAF publi\u00e9 tard dans la soir\u00e9e de jeudi, sur le site de l\u2019instance.<\/span><\/p>\n<p class=\"p5\"><span class=\"s1\"><em>\u00abC\u2019est avec une immense consternation et un profond regret que la FAF est en train d\u2019assister, depuis quelques jours, \u00e0 une campagne acharn\u00e9e pour g\u00e2cher la f\u00eate des Alg\u00e9riens et saper le moral de nos compatriotes, alors que l\u2019Alg\u00e9rie est championne d\u2019Afrique, sacr\u00e9e en Egypte 2019, et ce, en annon\u00e7ant \u00e0 tout-va la d\u00e9mission de son pr\u00e9sident Kheireddine Zetchi.<\/em><\/span><\/p>\n<p class=\"p5\"><span class=\"s1\"><em>Ce dernier ainsi que les membres du bureau f\u00e9d\u00e9ral s\u2019inscrivent en faux contre toutes les informations colport\u00e9es ici et l\u00e0, par diff\u00e9rents m\u00e9dias, concernant une suppos\u00e9e d\u00e9mission de M.\u00a0Zetchi qui, jusqu\u2019\u00e0 cette heure-ci, vaque le plus normalement du monde \u00e0 ses activit\u00e9s au sein de l\u2019instance f\u00e9d\u00e9rale\u00bb<\/em>, lit-on dans le communiqu\u00e9 de la FAF, qui confirme d\u2019une part que son pr\u00e9sident est toujours en poste, mais omet de pr\u00e9ciser que Zetchi a bel et bien \u00e9voqu\u00e9, il y a quelques jours, une possible d\u00e9mission, suite \u00e0 l\u2019attitude des autorit\u00e9s du pays \u00e0 son \u00e9gard lors de la c\u00e9r\u00e9monie organis\u00e9e par le chef de l\u2019Etat, Abdelkader Bensalah, samedi dernier en l\u2019honneur de la s\u00e9lection apr\u00e8s sa cons\u00e9cration en Egypte, et la m\u00e9saventure v\u00e9cue avec la s\u00e9lection au Caire durant cette CAN-2019.<\/span><\/p>\n<p class=\"p5\"><span class=\"s1\">N\u00e9anmoins, il faut aussi signaler que la v\u00e9ritable pol\u00e9mique au sujet de Zetchi et de ses envies de d\u00e9missionner sont les cons\u00e9quences de cette affaire de c\u00e9r\u00e9monie en l\u2019honneur de l\u2019EN, organis\u00e9e par la Pr\u00e9sidence au Palais du peuple samedi dernier, o\u00f9 il s\u2019\u00e9tait vu exclu en ne recevant pas de m\u00e9daille d\u2019honneur, tout en \u00e9tant zapp\u00e9 de la photo officielle de l\u2019\u00e9quipe en compagnie de Bensalah. Un sujet qui a fait une v\u00e9ritable vague, mais que Zetchi et les membres du bureau n\u2019ont pas jug\u00e9 utile d\u2019\u00e9voquer dans leur communiqu\u00e9.<\/span><\/p>\n<p class=\"p5\"><strong><span class=\"s1\">Bernaoui vend la m\u00e8che<\/span><\/strong><\/p>\n<p class=\"p6\"><span class=\"s1\">Bien qu\u2019affirmant qu\u2019il est bien en poste et qu\u2019il a l\u2019intention d\u2019aller au bout de son mandat, Zetchi a bel et bien failli d\u00e9missionner. A ce propos, Raouf Bernaoui, qui fait office de ministre de la Jeunesse et des Sports, a vendu la m\u00e8che, confirmant que le pr\u00e9sident de la FAF avait l\u2019intention de d\u00e9missionner.<\/span><\/p>\n<p class=\"p5\"><span class=\"s1\">Dans des d\u00e9clarations \u00e0 la Radio nationale, Bernaoui confie que Zetchi avait en effet des envies de d\u00e9mission, m\u00eame s\u2019il \u00e9voquera d\u2019autres raisons que tout le monde conna\u00eet. <em>\u00abZetchi \u00e9tait fatigu\u00e9 et il \u00e9tait sujet \u00e0 de critiques multiples et acerbes ces derniers temps. La pol\u00e9mique au sujet de son ill\u00e9gitimit\u00e9 \u00e0 la t\u00eate de la FAF, conjugu\u00e9e \u00e0 la campagne de d\u00e9nigrement qu\u2019il a subie avant et apr\u00e8s la CAN-2019 lui ont fait beaucoup de mal.<\/em><\/span><\/p>\n<p class=\"p5\"><span class=\"s1\"><em>Zetchi m\u2019a fait part, avant la finale de la CAN, de ses intentions de d\u00e9missionner juste apr\u00e8s ce match. Et il a r\u00e9it\u00e9r\u00e9 son envie de d\u00e9missionner apr\u00e8s le sacre de la CAN, mais j\u2019ai tout fait pour l\u2019en dissuader, m\u00eame si je comprends sa r\u00e9action au vu de ce qu\u2019il a v\u00e9cu\u00bb<\/em>, dira en substance Bernaoui, ce qui confirme que Zetchi \u00e9tait d\u00e9missionnaire, avant de revoir sa position.<\/span><\/p>\n<p class=\"p5\"><span class=\"s1\">Chose que le communiqu\u00e9 de la FAF n\u2019\u00e9voque gu\u00e8re, et qui finalement affirme juste que Zetchi ne d\u00e9missionnera, comme du reste r\u00e9v\u00e9l\u00e9 par <em>El Watan<\/em> dans son \u00e9dition de jeudi dernier, en omettant de pr\u00e9ciser que le concern\u00e9 en avait l\u2019intention avant de faire machine arri\u00e8re, ou plut\u00f4t de faire de la r\u00e9sistance. Pour ce qui est de la fameuse c\u00e9r\u00e9monie o\u00f9 Zetchi n\u2019a pas \u00e9t\u00e9 honor\u00e9 et convi\u00e9 \u00e0 faire la pose avec l\u2019EN aux c\u00f4t\u00e9s de ses cap\u00e9s et de Bensalah, le premier responsable du MJS tentera d\u2019expliquer vainement l\u2019absence du patron de la FAF.<\/span><\/p>\n<p class=\"p5\"><span class=\"s1\"><em>\u00abSeuls les joueurs et les membres du staff technique \u00e9taient concern\u00e9s, sinon on devait honorer tous les membres du bureau f\u00e9d\u00e9ral qui sont \u00e9galement \u00e9lus\u00bb<\/em>, d\u00e9clarait Bernaoui, mercredi soir dernier, \u00e0 l\u2019occasion d\u2019une c\u00e9r\u00e9monie \u00e0 l\u2019ambassade d\u2019Egypte, faisant ainsi une nouvelle bourde, sachant que Kheireddine Zetchi en tant que pr\u00e9sident de la FAF est le premier responsable de l\u2019\u00e9quipe nationale, joueurs et staffs.<\/span><\/p>\n<p><span class=\"post-views-label\">Post Views:<\/span> <span class=\"post-views-count\">560<\/span><\/p>\n<p><br class=\"c4\"\/><\/p>\n<p>Auteur: Anis Khecheba<br \/>\n<a href=\"https:\/\/www.elwatan.com\/edition\/sports\/la-faf-affirme-que-zetchi-ne-demissionnera-pas-27-07-2019\">Cliquez ici pour lire l&rsquo;article depuis sa source.<\/a><\/p>\n","protected":false},"excerpt":{"rendered":"<p>Tout en \u00e9vitant d\u2019\u00e9voquer ce qui s\u2019est pass\u00e9 lors de la c\u00e9r\u00e9monie Kheireddine Zetchi, et comme annonc\u00e9 par El Watan dans sa derni\u00e8re livraison, n\u2019a plus l\u2019intention de quitter la pr\u00e9sidence de la F\u00e9d\u00e9ration alg\u00e9rienne de football (FAF). Une d\u00e9cision confirm\u00e9e par l\u2019int\u00e9ress\u00e9 via un communiqu\u00e9 de la FAF publi\u00e9 tard dans la soir\u00e9e de [&hellip;]<\/p>\n","protected":false},"author":1743,"featured_media":48892,"comment_status":"closed","ping_status":"closed","sticky":false,"template":"","format":"standard","meta":{"fifu_image_url":"","fifu_image_alt":"","footnotes":""},"categories":[73,53],"tags":[],"class_list":["post-48891","post","type-post","status-publish","format-standard","has-post-thumbnail","hentry","category-actualite","category-algerie"],"_links":{"self":[{"href":"https:\/\/linitiative.ca\/International\/wp-json\/wp\/v2\/posts\/48891","targetHints":{"allow":["GET"]}}],"collection":[{"href":"https:\/\/linitiative.ca\/International\/wp-json\/wp\/v2\/posts"}],"about":[{"href":"https:\/\/linitiative.ca\/International\/wp-json\/wp\/v2\/types\/post"}],"author":[{"embeddable":true,"href":"https:\/\/linitiative.ca\/International\/wp-json\/wp\/v2\/users\/1743"}],"replies":[{"embeddable":true,"href":"https:\/\/linitiative.ca\/International\/wp-json\/wp\/v2\/comments?post=48891"}],"version-history":[{"count":0,"href":"https:\/\/linitiative.ca\/International\/wp-json\/wp\/v2\/posts\/48891\/revisions"}],"wp:featuredmedia":[{"embeddable":true,"href":"https:\/\/linitiative.ca\/International\/wp-json\/"}],"wp:attachment":[{"href":"https:\/\/linitiative.ca\/International\/wp-json\/wp\/v2\/media?parent=48891"}],"wp:term":[{"taxonomy":"category","embeddable":true,"href":"https:\/\/linitiative.ca\/International\/wp-json\/wp\/v2\/categories?post=48891"},{"taxonomy":"post_tag","embeddable":true,"href":"https:\/\/linitiative.ca\/International\/wp-json\/wp\/v2\/tags?post=48891"}],"curies":[{"name":"wp","href":"https:\/\/api.w.org\/{rel}","templated":true}]}}