{"id":48893,"date":"2019-07-27T05:03:11","date_gmt":"2019-07-27T09:03:11","guid":{"rendered":"https:\/\/linitiative.ca\/International\/16e-edition-du-festival-raconte-arts-a-bouzeguene-tizi-ouzou-diversite-culturelle-et-dynamique-citoyenne-au-village-sahel\/"},"modified":"2019-07-27T05:03:11","modified_gmt":"2019-07-27T09:03:11","slug":"16e-edition-du-festival-raconte-arts-a-bouzeguene-tizi-ouzou-diversite-culturelle-et-dynamique-citoyenne-au-village-sahel","status":"publish","type":"post","link":"https:\/\/linitiative.ca\/International\/16e-edition-du-festival-raconte-arts-a-bouzeguene-tizi-ouzou-diversite-culturelle-et-dynamique-citoyenne-au-village-sahel\/","title":{"rendered":"16e \u00e9dition du festival Raconte-arts \u00e0 Bouzeguene (Tizi Ouzou) : Diversit\u00e9 culturelle et dynamique citoyenne au village Sahel"},"content":{"rendered":"<h4 class=\"title-14\"\/>\n<div class=\"featured_image\"><img width=\"800\" height=\"600\" data-cfsrc=\"https:\/\/www.elwatan.com\/wp-content\/uploads\/2019\/07\/Sans-titre-1-233.gif\" class=\"attachment-post-thumbnail size-post-thumbnail wp-post-image c2\" alt=\"16e \u00e9dition du festival Raconte-arts \u00e0 Bouzeguene (Tizi Ouzou) : Diversit\u00e9 culturelle et dynamique citoyenne au village Sahel\"\/><noscript><\/p>\n<p><img loading=\"lazy\" decoding=\"async\" width=\"800\" height=\"600\" src=\"https:\/\/www.elwatan.com\/wp-content\/uploads\/2019\/07\/Sans-titre-1-233.gif\" class=\"attachment-post-thumbnail size-post-thumbnail wp-post-image\" alt=\"16e \u00e9dition du festival Raconte-arts \u00e0 Bouzeguene (Tizi Ouzou) : Diversit\u00e9 culturelle et dynamique citoyenne au village Sahel\"\/><\/p>\n<p><\/noscript><\/div>\n<p class=\"p4\"><span class=\"s1\"><strong>La manifestation a drain\u00e9 une foule nombreuse. <em>\u00abC\u2019est ph\u00e9nom\u00e9nal\u00bb<\/em>, laisse entendre un visiteur.<\/strong><\/span><\/p>\n<p class=\"p4\"><span class=\"s1\">D<\/span>es jeunes filles v\u00eatues de robes kabyles font office d\u2019h\u00f4tesses d\u2019accueil. Elles orientent les visiteurs de la 16<sup>e<\/sup> \u00e9dition du Festival Raconte-Arts, qu\u2019a abrit\u00e9e, une semaine durant (du 19 au 26 juillet 2019), Sahel, l\u2019un des plus importants villages de la commune de Bouzeguene, \u00e0 65 kilom\u00e8tres \u00e0 l\u2019extr\u00eame sud-est de Tizi Ouzou.<\/p>\n<p class=\"p7\"><em>\u00abC\u2019est la fiesta\u00bb<\/em>, nous dit Malik Kezoui, un artiste que nous avons crois\u00e9 juste \u00e0 l\u2019entr\u00e9e de ce bourg de 6000 habitants. Il veut nous d\u00e9crire, d\u2019embl\u00e9e, l\u2019ambiance de ce rendez-vous culturel qui a mis en mouvement toute une r\u00e9gion. <em>\u00abC\u2019est vraiment magnifique\u00bb<\/em>, ajoute-t-il, avant de nous annoncer le gala qu\u2019il devait animer, avec Sidi B\u00e9mol, mardi, durant la soir\u00e9e.<\/p>\n<p class=\"p7\">De la joie et de la bonne humeur au rendez-vous dans cette contr\u00e9e de la Kabylie profonde, o\u00f9 l\u2019expression artistique sous toutes ses formes contribue au bien-\u00eatre g\u00e9n\u00e9ral des milliers de personnes qui se sont dirig\u00e9es vers Sahel, une destination tr\u00e8s pris\u00e9e dans la r\u00e9gion, durant sept jours.<\/p>\n<p class=\"p7\">Les arts plastiques, le th\u00e9\u00e2tre, la chanson, entre autres, rythment les journ\u00e9es et les soir\u00e9es de ce festival, qui ne cesse de gagner en notori\u00e9t\u00e9. D\u2019ailleurs, la manifestation draine des foules. <em>\u00abC\u2019est ph\u00e9nom\u00e9nal\u00bb<\/em>, laisse entendre un visiteur. Effectivement, l\u2019engouement que suscite ce rendez-vous culturel est plus que remarquable.<\/p>\n<p class=\"p7\">Rien qu\u2019\u00e0 voir, \u00e0 19 heures, ce long serpent m\u00e9tallique de quelques centaines de voitures stationn\u00e9es sur la bordure de la route, on peut facilement comprendre l\u2019effet que provoque ce festival chez les citoyens. Les pare-chocs se caressaient dans un frottement \u00e0 peine perceptible pour les chauffeurs juste en bas du village. Il fallait s\u2019arr\u00eater l\u00e0 et rejoindre les milliers de visiteurs qui escaladaient, \u00e0 pied, le lieu du rendez-vous.<\/p>\n<p class=\"p7\">A la vue des plaques d\u2019immatriculation des voitures stationn\u00e9es sur les bas-c\u00f4t\u00e9s, on se rend compte qu\u2019il y a m\u00eame des gens qui viennent de l\u2019ext\u00e9rieur de la wilaya de Tizi Ouzou, notamment de B\u00e9ja\u00efa, Bouira, Boumerd\u00e8s et Alger.<\/p>\n<p class=\"p7\">Des centaines de familles r\u00e9pondent ainsi \u00e0 l\u2019appel des organisateurs des Raconte-Arts pour passer d\u2019agr\u00e9ables instants de joie et de plaisir avec un programme festif. Le caract\u00e8re extensible des activit\u00e9s de cette rencontre rend la manifestation plus attrayante et le village en \u00e9bullition.<\/p>\n<p class=\"p7\">Dans chaque coin, il y a une activit\u00e9. Des artistes \u00e0 l\u2019\u0153uvre. Parfois, juste pour livrer au regard des visiteurs une initiative personnelle. En entamant une ruelle rev\u00eatue de b\u00e9ton, on aper\u00e7oit une jeune fille en train de r\u00e9aliser une fresque sur la porte d\u2019une maison traditionnelle. Elle s\u2019appelle Amal A\u00eft Si Slimane, originaire de Tazrout, dans la commune d\u2019Abi Youcef (A\u00efn El Hammam).<\/p>\n<p class=\"p7\"><em>\u00abJe suis venue pour participer \u00e0 un atelier de recyclage<\/em> <em>de papier journal pour en faire des objets de d\u00e9coration. Cette fresque est une id\u00e9e qui m\u2019est venue \u00e0 la t\u00eate et \u00e0 travers laquelle j\u2019aimerais rendre hommage \u00e0 la femme africaine\u00bb<\/em>, nous dit-elle. Les enfants ont aussi eu droit \u00e0 des s\u00e9ances de contes populaires. Un groupe de ch\u00e9rubins install\u00e9s dans un coin fascinent vraiment avec leur enthousiasme et l\u2019int\u00e9r\u00eat qu\u2019ils accordent aux productions des conteurs.<\/p>\n<p class=\"p7\">Sur la place du village (Tajma\u00e2t), le public a assist\u00e9 \u00e0 une table ronde sur le r\u00f4le social de la femme et ses luttes dans la soci\u00e9t\u00e9. Tout est bien organis\u00e9. D\u2019ailleurs, des affichages sur les activit\u00e9s sont placard\u00e9s partout, histoire de permettre aux visiteurs de conna\u00eetre tout le programme de la journ\u00e9e. La sensibilisation sur la propret\u00e9 figure \u00e9galement parmi les objectifs des organisateurs qui veillent \u00e0 garder les lieux propres.<\/p>\n<p class=\"p7\">Des bacs \u00e0 ordures sont install\u00e9s tout le long des ruelles. Des cases sont r\u00e9serv\u00e9es pour le plastique, qui sera destin\u00e9, sans doute, au recyclage, surtout lorsqu\u2019on sait que la commune de Bouzeguene est connue pour \u00eatre une r\u00e9f\u00e9rence dans ce domaine au niveau de la wilaya de Tizi Ouzou.<\/p>\n<p class=\"p7\">Donc, la parfaite ma\u00eetrise de toutes les t\u00e2ches inh\u00e9rentes \u00e0 l\u2019organisation du festival a permis de donner \u00e0 la manifestation un cachet vraiment particulier. Tous les villageois sont impliqu\u00e9s dans cette dynamique citoyenne. Des expositions de robes kabyles, de bijoux, de sculptures, de poterie, de vannerie, en plein air, ornent aussi les art\u00e8res de Sahel.<\/p>\n<p class=\"p7\">De beaux tableaux de peinture sont \u00e9galement accroch\u00e9s aux murs, histoire de revisiter beaucoup de choses. Eparpill\u00e9s sur plusieurs endroits, les artistes s\u2019\u00e9clatent et mettent du baume au c\u0153ur des visiteurs. Plusieurs styles de musique sont interpr\u00e9t\u00e9s par les pr\u00e9sents. Massyle Salah, cet enfant de 13 ans, a fascin\u00e9 plus d\u2019un par son talent.<\/p>\n<p class=\"p7\">Il est discret et surtout timide, mais il est pr\u00e9destin\u00e9 \u00e0 un avenir tr\u00e8s radieux dans le domaine. Install\u00e9 sur une pierre en face de ses parents, qui ont mis en place un stand d\u2019exposition de burnous, ce coll\u00e9gien de 13 ans, une guitare espagnole entre les mains, fredonnait, en continu, des morceaux de musique envo\u00fbtants. Les passants s\u2019arr\u00eateraient, par dizaines, pour \u00e9couter ce prodige se produire merveilleusement. Il interpr\u00e8te, avec l\u2019art et la mani\u00e8re les chansons d\u2019Idir.<\/p>\n<p class=\"p7\">Le th\u00e9\u00e2tre de rue et les tables rondes sur divers th\u00e8mes sont au programme de ce rendez-vous. <em>\u00abC\u2019est de la diversit\u00e9 culturelle\u00bb<\/em>, nous confie Mebarek Menad, un des initiateurs du festival Raconte-Arts. Les louanges des chorales ont \u00e9galement donn\u00e9 le ton \u00e0 des soir\u00e9es sublimes.<\/p>\n<p class=\"p7\">Des artistes et des universitaires ont anim\u00e9 des conf\u00e9rences, comme celle donn\u00e9e par Sa\u00efd Chemakh, docteur en linguistique berb\u00e8re et enseignant au d\u00e9partement langues et culture amazighes, qui a parl\u00e9 de la n\u00e9o-litt\u00e9rature berb\u00e8re. Mardi soir, les participants venus de Nouvelle-Cal\u00e9donie ont gav\u00e9 l\u2019assistance par des moments magiques. Les participants du Zimbabwe ont \u00e9galement r\u00e9gal\u00e9 les pr\u00e9sents par des airs africains.<\/p>\n<p class=\"p7\">Les ruelles du village d\u2019accueil se font ainsi plus belles avec des productions artistiques, de jour comme de nuit. Tajma\u00e2t aussi conna\u00eet des moments d\u2019animation avec des artistes locaux et ceux venus de l\u2019\u00e9tranger pour cr\u00e9er un m\u00e9tissage interculturel fascinant. <em>\u00abC\u2019est un voyage dans l\u2019histoire. Le ma\u00eetre-mot est l\u2019authenticit\u00e9\u00bb<\/em>, ajoute notre interlocuteur.<\/p>\n<p class=\"p7\">Pour Hacene Metref, pr\u00e9sident du festival, le village de Sahel est vraiment magnifique. Il a salu\u00e9 la mobilisation des habitants qui ont affich\u00e9, a-t-il reconnu, un grand d\u00e9vouement pour l\u2019organisation de cette manifestation. Denis Martinez, l\u2019un des fondateurs des Raconte-Arts, nous livre ses impressions sur le d\u00e9roulement de l\u2019\u00e9dition en cours.<\/p>\n<p class=\"p7\">Il dira que Raconte-Arts est une bouff\u00e9e d\u2019oxyg\u00e8ne pour les jeunes artistes. C\u2019est un moyen d\u2019expression et de rencontres. <em>\u00abLa particularit\u00e9 des derni\u00e8res \u00e9ditions du festival r\u00e9side dans l\u2019engouement des jeunes pour cette manifestation\u00bb,<\/em> nous pr\u00e9cise-t-il. Il y avait tellement de belles choses \u00e0 voir \u00e0 la 16<sup>e<\/sup> \u00e9dition des Raconte-Arts et aussi \u00e0 Sahel, qui est embellie \u00e0 l\u2019occasion pour se parer de ses plus beaux atours.<\/p>\n<p class=\"p7\">Cette localit\u00e9 splendide peut attirer m\u00eame des touristes, surtout que le comit\u00e9 et les cinq associations qui ont vu le jour dans ce bourg en lice pour d\u00e9crocher le prix du village le plus propre de la wilaya de Tizi Ouzou qu\u2019organise l\u2019APW, compte vraiment continuer sur cette dynamique pour donner \u00e0 leur village l\u2019image d\u2019une citadelle sublime. Ainsi, le d\u00e9placement en vaut vraiment la peine.<\/p>\n<p><span class=\"post-views-label\">Post Views:<\/span> <span class=\"post-views-count\">203<\/span><\/p>\n<p><br class=\"c4\"\/><\/p>\n<p>Auteur: Anis Khecheba<br \/>\n<a href=\"https:\/\/www.elwatan.com\/edition\/culture\/diversite-culturelle-et-dynamique-citoyenne-au-village-sahel-27-07-2019\">Cliquez ici pour lire l&rsquo;article depuis sa source.<\/a><\/p>\n","protected":false},"excerpt":{"rendered":"<p>La manifestation a drain\u00e9 une foule nombreuse. \u00abC\u2019est ph\u00e9nom\u00e9nal\u00bb, laisse entendre un visiteur. Des jeunes filles v\u00eatues de robes kabyles font office d\u2019h\u00f4tesses d\u2019accueil. Elles orientent les visiteurs de la 16e \u00e9dition du Festival Raconte-Arts, qu\u2019a abrit\u00e9e, une semaine durant (du 19 au 26 juillet 2019), Sahel, l\u2019un des plus importants villages de la commune [&hellip;]<\/p>\n","protected":false},"author":1743,"featured_media":48894,"comment_status":"closed","ping_status":"closed","sticky":false,"template":"","format":"standard","meta":{"fifu_image_url":"","fifu_image_alt":"","footnotes":""},"categories":[73,53],"tags":[],"class_list":["post-48893","post","type-post","status-publish","format-standard","has-post-thumbnail","hentry","category-actualite","category-algerie"],"_links":{"self":[{"href":"https:\/\/linitiative.ca\/International\/wp-json\/wp\/v2\/posts\/48893","targetHints":{"allow":["GET"]}}],"collection":[{"href":"https:\/\/linitiative.ca\/International\/wp-json\/wp\/v2\/posts"}],"about":[{"href":"https:\/\/linitiative.ca\/International\/wp-json\/wp\/v2\/types\/post"}],"author":[{"embeddable":true,"href":"https:\/\/linitiative.ca\/International\/wp-json\/wp\/v2\/users\/1743"}],"replies":[{"embeddable":true,"href":"https:\/\/linitiative.ca\/International\/wp-json\/wp\/v2\/comments?post=48893"}],"version-history":[{"count":0,"href":"https:\/\/linitiative.ca\/International\/wp-json\/wp\/v2\/posts\/48893\/revisions"}],"wp:featuredmedia":[{"embeddable":true,"href":"https:\/\/linitiative.ca\/International\/wp-json\/"}],"wp:attachment":[{"href":"https:\/\/linitiative.ca\/International\/wp-json\/wp\/v2\/media?parent=48893"}],"wp:term":[{"taxonomy":"category","embeddable":true,"href":"https:\/\/linitiative.ca\/International\/wp-json\/wp\/v2\/categories?post=48893"},{"taxonomy":"post_tag","embeddable":true,"href":"https:\/\/linitiative.ca\/International\/wp-json\/wp\/v2\/tags?post=48893"}],"curies":[{"name":"wp","href":"https:\/\/api.w.org\/{rel}","templated":true}]}}