{"id":48895,"date":"2019-07-27T05:15:58","date_gmt":"2019-07-27T09:15:58","guid":{"rendered":"https:\/\/linitiative.ca\/International\/commission-nationale-du-dialogue-les-premieres-reactions-de-lopposition\/"},"modified":"2019-07-27T05:15:58","modified_gmt":"2019-07-27T09:15:58","slug":"commission-nationale-du-dialogue-les-premieres-reactions-de-lopposition","status":"publish","type":"post","link":"https:\/\/linitiative.ca\/International\/commission-nationale-du-dialogue-les-premieres-reactions-de-lopposition\/","title":{"rendered":"Commission nationale du dialogue : Les premi\u00e8res r\u00e9actions de l\u2019opposition"},"content":{"rendered":"<h4 class=\"title-14\"\/>\n<p class=\"p1\"><span class=\"s1\"><strong>L<\/strong><\/span><span class=\"s2\">\u2019annonce de la pr\u00e9sidence de la R\u00e9publique relative \u00e0 la publication de la composante de la commission nationale charg\u00e9e de mener le dialogue national \u00a0en vue de l\u2019organisation d\u2019une \u00e9lection pr\u00e9sidentielle a \u00e9t\u00e9 diversement comment\u00e9 par la classe politique.<\/span><\/p>\n<p class=\"p1\"><span class=\"s2\"><em>\u00abLe FFS consid\u00e8re que cette commission n\u2019a de mandat que celui que les d\u00e9cideurs lui ont attribu\u00e9 afin d\u2019encadrer un dialogue impos\u00e9 au pas de charge\u00bb<\/em>, a fustig\u00e9, hier, le FFS dans un communiqu\u00e9, sign\u00e9 par son premier secr\u00e9taire, Belahcel Hakim, ajoutant que <em>\u00ables demandes de mesures de d\u00e9tente annonc\u00e9es sont largement insuffisantes\u00bb<\/em>. <em>\u00ab<\/em> <em>Par ce simulacre de dialogue annonc\u00e9, les tenants du pouvoir essayent encore une fois de gagner du temps pour d\u00e9tourner la population de sa revendication principale qu\u2019est son autod\u00e9termination\u00bb<\/em>, a encore d\u00e9nonc\u00e9 le FFS.<\/span><\/p>\n<p class=\"p2\"><span class=\"s2\">De son c\u00f4t\u00e9, le PT a estim\u00e9 que le parti <em>\u00abrestera tr\u00e8s attentif sur le sujet des d\u00e9tenus politiques et d\u2019opinion\u00bb,<\/em> dont le moudjahid Lakhdar Boureg\u00e2a et de Louisa Hanoune. <em>\u00abLe PT reste convaincu que la voie qui permettra de r\u00e9aliser le changement radical r\u00e9clam\u00e9 par des millions de citoyennes et citoyens r\u00e9side dans la mise en place d\u2019une Assembl\u00e9e constituante souveraine\u00bb<\/em>, a fait savoir le PT.<\/span><\/p>\n<p class=\"p2\"><span class=\"s2\">Pour sa part, le PLJ <em>\u00abprend acte\u00bb<\/em> des engagements du chef de l\u2019Etat int\u00e9rimaire et <em>\u00abr\u00e9clame que ces engagements soient rapidement mis en \u0153uvre.\u00bb<\/em> Le PLJ <em>\u00abs\u2019accorde le temps n\u00e9cessaire pour s\u2019assurer de la sinc\u00e9rit\u00e9 de la volont\u00e9 politique du pouvoir avant de se prononcer sur ses relations avec le panel une fois sa composition d\u00e9finitive achev\u00e9e\u00bb<\/em>, a estim\u00e9 le parti dirig\u00e9 par\u00a0Mohamed Sa\u00efd.<\/span><\/p>\n<p class=\"p2\"><span class=\"s2\">Ali Benflis, pr\u00e9sident de Talaie El Hourriyet, a soulign\u00e9, quant \u00e0 lui, que <em>\u00able dialogue national est devenu plus qu\u2019une option et plus qu\u2019un besoin ; aujourd\u2019hui, c\u2019est une n\u00e9cessit\u00e9 vitale et dans lequel r\u00e9side l\u2019int\u00e9r\u00eat sup\u00e9rieur de la patrie\u00a0; il n\u2019y a pas d\u2019autre choix que le dialogue.\u00bb<\/em> <em>\u00abDepuis le d\u00e9but de la crise, nous n\u2019avons jamais \u00e9t\u00e9 aussi proches du seuil de la solution. Les conditions et les circonstances pour franchir ce seuil sont \u00e0 notre port\u00e9e plus qu\u2019auparavant. Le dialogue est le d\u00e9but d\u2019un parcours et non sa fin\u00bb<\/em>, a-t-il not\u00e9.<span class=\"Apple-converted-space\">\u00a0<\/span><\/span><\/p>\n<p class=\"p2\"><span class=\"s2\">De son c\u00f4t\u00e9, Karim Tabbou, pr\u00e9sident de\u00a0l\u2019Union d\u00e9mocratique et sociale, a d\u00e9nonc\u00e9 une <em>\u00abman\u0153uvre\u00bb<\/em> du r\u00e9gime pour briser le mouvement populaire. <em>\u00abLes changements op\u00e9r\u00e9s \u00e0 la t\u00eate de l\u2019APN, du RND, du FLN, et l\u2019installation de cette commission font partie d\u2019un plan bien ficel\u00e9 pour briser le hirak\u00bb<\/em>, a fustig\u00e9 Karim Tabbou, dans une d\u00e9claration \u00e0 Berb\u00e8re T\u00e9l\u00e9vision. <em>\u00abIl n\u2019y aura pas de dialogue sans le d\u00e9part des figures du r\u00e9gime dont Bensalah\u00bb<\/em>, a-t-il insist\u00e9, d\u00e9plorant que certaines des personnalit\u00e9s composant le panel en question aient fait des <em>\u00abconcessions\u00bb<\/em> au r\u00e9gime.\u00a0<em>\u00abLes Alg\u00e9riens sont conscients des man\u0153uvres du r\u00e9gime. Le hirak doit se poursuivre\u00bb<\/em>, a-t-il affirm\u00e9.<\/span><\/p>\n<p class=\"p2\"><span class=\"s2\">Par ailleurs, le militant Islam Ben Attia a \u00e9voqu\u00e9 dans une d\u00e9clamation \u00e0 \u00ab<em>Spoutnik<\/em>\u00bb les raisons de son retrait au m\u00eame titre que le professeur de sociologie Nacer Djabi de la commission de dialogue.<\/span><\/p>\n<p class=\"p2\"><span class=\"s2\">Il a expliqu\u00e9 avoir demand\u00e9 avec Nacer Djabi, lors d\u2019une r\u00e9union mardi dernier en pr\u00e9sence de Karim Youn\u00e8s, Fatiha Benabbou et Sma\u00efl Lalmas plus de temps pour convaincre certains militants de rejoindre le panel, dont le syndicaliste Lyes M\u2019rabet et le militant des droits de l\u2019homme Sa\u00efd Salehi, mais Karim Youn\u00e8s, d\u00e9sign\u00e9 coordinateur du comit\u00e9, s\u2019est pr\u00e9cipit\u00e9 \u00e0 la Pr\u00e9sidence pour annoncer la naissance du panel en question. <em>\u00abCe que moi-m\u00eame et le professeur Nacer Djabi avons rejet\u00e9, d\u2019autant plus que nous ne connaissions pas les personnalit\u00e9s que la Pr\u00e9sidence proposera pour participer \u00e0 la composition du comit\u00e9\u00bb<\/em>, a-t-il soutenu.\u00a0<\/span><\/p>\n<p><span class=\"post-views-label\">Post Views:<\/span> <span class=\"post-views-count\">1\u00a0007<\/span><\/p>\n<p><br class=\"c4\"\/><\/p>\n<p>Auteur: Hicham Chouadria<br \/>\n<a href=\"https:\/\/www.elwatan.com\/edition\/actualite\/commission-nationale-du-dialogue-les-premieres-reactions-de-lopposition-27-07-2019\">Cliquez ici pour lire l&rsquo;article depuis sa source.<\/a><\/p>\n","protected":false},"excerpt":{"rendered":"<p>L\u2019annonce de la pr\u00e9sidence de la R\u00e9publique relative \u00e0 la publication de la composante de la commission nationale charg\u00e9e de mener le dialogue national \u00a0en vue de l\u2019organisation d\u2019une \u00e9lection pr\u00e9sidentielle a \u00e9t\u00e9 diversement comment\u00e9 par la classe politique. \u00abLe FFS consid\u00e8re que cette commission n\u2019a de mandat que celui que les d\u00e9cideurs lui ont [&hellip;]<\/p>\n","protected":false},"author":1743,"featured_media":0,"comment_status":"closed","ping_status":"closed","sticky":false,"template":"","format":"standard","meta":{"fifu_image_url":"","fifu_image_alt":"","footnotes":""},"categories":[73,53],"tags":[],"class_list":["post-48895","post","type-post","status-publish","format-standard","hentry","category-actualite","category-algerie"],"_links":{"self":[{"href":"https:\/\/linitiative.ca\/International\/wp-json\/wp\/v2\/posts\/48895","targetHints":{"allow":["GET"]}}],"collection":[{"href":"https:\/\/linitiative.ca\/International\/wp-json\/wp\/v2\/posts"}],"about":[{"href":"https:\/\/linitiative.ca\/International\/wp-json\/wp\/v2\/types\/post"}],"author":[{"embeddable":true,"href":"https:\/\/linitiative.ca\/International\/wp-json\/wp\/v2\/users\/1743"}],"replies":[{"embeddable":true,"href":"https:\/\/linitiative.ca\/International\/wp-json\/wp\/v2\/comments?post=48895"}],"version-history":[{"count":0,"href":"https:\/\/linitiative.ca\/International\/wp-json\/wp\/v2\/posts\/48895\/revisions"}],"wp:attachment":[{"href":"https:\/\/linitiative.ca\/International\/wp-json\/wp\/v2\/media?parent=48895"}],"wp:term":[{"taxonomy":"category","embeddable":true,"href":"https:\/\/linitiative.ca\/International\/wp-json\/wp\/v2\/categories?post=48895"},{"taxonomy":"post_tag","embeddable":true,"href":"https:\/\/linitiative.ca\/International\/wp-json\/wp\/v2\/tags?post=48895"}],"curies":[{"name":"wp","href":"https:\/\/api.w.org\/{rel}","templated":true}]}}