{"id":48896,"date":"2019-07-27T05:20:58","date_gmt":"2019-07-27T09:20:58","guid":{"rendered":"https:\/\/linitiative.ca\/International\/le-panel-des-personnalites-pour-mener-le-dialogue-installe-nous-ne-sommes-quune-passerelle-et-des-facilitateurs\/"},"modified":"2019-07-27T05:20:58","modified_gmt":"2019-07-27T09:20:58","slug":"le-panel-des-personnalites-pour-mener-le-dialogue-installe-nous-ne-sommes-quune-passerelle-et-des-facilitateurs","status":"publish","type":"post","link":"https:\/\/linitiative.ca\/International\/le-panel-des-personnalites-pour-mener-le-dialogue-installe-nous-ne-sommes-quune-passerelle-et-des-facilitateurs\/","title":{"rendered":"Le panel des personnalit\u00e9s pour mener le dialogue install\u00e9 : \u00abNous ne sommes qu\u2019une passerelle et des facilitateurs\u00bb"},"content":{"rendered":"<h4 class=\"title-14\"\/>\n<div class=\"featured_image\"><img width=\"1012\" height=\"598\" data-cfsrc=\"https:\/\/www.elwatan.com\/wp-content\/uploads\/2019\/07\/Capture-19.jpg\" class=\"attachment-post-thumbnail size-post-thumbnail wp-post-image c2\" alt=\"\" srcset=\"https:\/\/www.elwatan.com\/wp-content\/uploads\/2019\/07\/Capture-19.jpg 1012w, https:\/\/www.elwatan.com\/wp-content\/uploads\/2019\/07\/Capture-19-300x177.jpg 300w, https:\/\/www.elwatan.com\/wp-content\/uploads\/2019\/07\/Capture-19-768x454.jpg 768w\" sizes=\"(max-width: 1012px) 100vw, 1012px\"\/><noscript><\/p>\n<p><img loading=\"lazy\" decoding=\"async\" width=\"1012\" height=\"598\" src=\"https:\/\/www.elwatan.com\/wp-content\/uploads\/2019\/07\/Capture-19.jpg\" class=\"attachment-post-thumbnail size-post-thumbnail wp-post-image\" alt=\"\" srcset=\"https:\/\/www.elwatan.com\/wp-content\/uploads\/2019\/07\/Capture-19.jpg 1012w, https:\/\/www.elwatan.com\/wp-content\/uploads\/2019\/07\/Capture-19-300x177.jpg 300w, https:\/\/www.elwatan.com\/wp-content\/uploads\/2019\/07\/Capture-19-768x454.jpg 768w\" sizes=\"auto, (max-width: 1012px) 100vw, 1012px\"\/><\/p>\n<p><\/noscript> <span class=\"featured-image-caption\">(Photo : D. R)<\/span><\/div>\n<p class=\"p1\"><span class=\"s1\"><strong>L<\/strong><\/span><span class=\"s2\">a composante du panel des personnalit\u00e9s appel\u00e9es \u00e0 mener la m\u00e9diation et le dialogue national est connue. Elle a \u00e9t\u00e9 rendue publique ce jeudi par la pr\u00e9sidence de la R\u00e9publique.<\/span><\/p>\n<p class=\"p1\"><span class=\"s2\">De la liste des 13 personnalit\u00e9s propos\u00e9es par le Forum civil pour le changement, trois seulement figurent dans la nouvelle liste comportant six personnalit\u00e9s ; il s\u2019agit de Karim Youn\u00e8s, ancien pr\u00e9sident de l\u2019Assembl\u00e9e populaire nationale, Fatiha<br \/>Benabbou, constitutionnaliste, et Sma\u00efl<\/span> <span class=\"s2\">Lalmas, expert en \u00e9conomie et en finances.<\/span><\/p>\n<p class=\"p1\"><span class=\"s2\">Les autres nouveaux membres sont Bouzidi Lazhari, ancien membre du Conseil de la nation et professeur de droit constitutionnel \u00e0 l\u2019universit\u00e9 de Constantine, Azeddine Bena\u00efssa, professeur universitaire \u00e0 Tlemcen, et Abdelwahab Bendjelloul, syndicaliste dans le secteur de l\u2019\u00e9ducation nationale. Initialement, des figures importantes du mouvement populaire devaient faire partie de ce panel, mais ce ne fut pas le cas\u00a0! Sit\u00f4t install\u00e9es, les six personnalit\u00e9s ont \u00e9t\u00e9 re\u00e7ues par le chef de l\u2019Etat par int\u00e9rim, Abdelkader Bensalah.<\/span><\/p>\n<p class=\"p2\"><span class=\"s2\">Selon Karim Youn\u00e8s, les discussions ont eu lieu \u00e0 b\u00e2tons rompus et le panel a insist\u00e9 sur l\u2019imp\u00e9ratif pour l\u2019Etat de prendre des mesures d\u2019apaisement \u00e0 m\u00eame de cr\u00e9er un climat devant conduire \u00e0 un dialogue sinc\u00e8re et qui m\u00e8nerait \u00e0 l\u2019organisation d\u2019une \u00e9lection pr\u00e9sidentielle transparente. <em>\u00abNous avions carte blanche pour exposer toutes les pr\u00e9occupations de l\u2019heure et les revendications du hirak et nous avons pos\u00e9 nos conditions.<\/em><\/span><\/p>\n<p class=\"p2\"><span class=\"s2\"><em>Le chef de l\u2019Etat s\u2019est engag\u00e9 \u00e0 r\u00e9pondre favorablement \u00e0 nos pr\u00e9alables\u00bb<\/em>, a expliqu\u00e9 l\u2019ancien pr\u00e9sident de la Chambre basse. Karim Youn\u00e8s a tenu \u00e0 pr\u00e9ciser que les personnalit\u00e9s composant le panel n\u2019\u00e9taient pas les repr\u00e9sentants du mouvement populaire, ni ses porte-parole. <em>\u00abNous avons accept\u00e9 cette mission en toute libert\u00e9\u00bb<\/em>, a-t-il insist\u00e9.<\/span><\/p>\n<p class=\"p3\"><strong><span class=\"s2\">Lib\u00e9ration des d\u00e9tenus<\/span><\/strong><\/p>\n<p class=\"p2\"><span class=\"s2\">Parmi les mesures auxquelles le panel a appel\u00e9 avant l\u2019entame de toute m\u00e9diation figure en t\u00eate <em>\u00abla lib\u00e9ration de tous les d\u00e9tenus du hirak\u00bb, \u00abla lev\u00e9e de toutes les formes de pression sur les m\u00e9dias\u00bb, \u00abla garantie de toutes les conditions et les facilitations \u00e0 m\u00eame de permettre aux citoyens d\u2019exercer leurs droits constitutionnels dans les manifestations et les rassemblements pacifiques\u00bb<\/em>, et enfin un appel unanime <em>\u00abau d\u00e9part du gouvernement en place et son remplacement par un gouvernement de consensus\u00bb<\/em>, form\u00e9 de technocrates non partisans.<\/span><\/p>\n<p class=\"p2\"><span class=\"s2\">En guise de r\u00e9ponse, Bensalah, de l\u2019avis de Karim Youn\u00e8s, s\u2019est engag\u00e9 \u00e0 prendre en charge dans l\u2019imm\u00e9diat leurs exigences, \u00e0 l\u2019exception du d\u00e9part du gouvernement. Cette question est prise en compte, mais\u00a0pour Bensalah elle doit \u00eatre soumise \u00e0 une lecture approfondie sur le plan des contraintes constitutionnelles et ne saurait tarder \u00e0 trouver une issue tel que cela est souhait\u00e9 par la volont\u00e9 populaire.<\/span><\/p>\n<p class=\"p2\"><span class=\"s2\">S\u2019agissant des d\u00e9tenus, le chef de l\u2019Etat <em>\u00abva inviter la justice \u00e0 examiner la possibilit\u00e9 d\u2019\u00e9largissement des personnes, dont l\u2019interpellation s\u2019est faite en lien avec le d\u00e9roulement des marches populaires, \u00e0 envisager l\u2019all\u00e9gement du dispositif mis en place par les services de s\u00e9curit\u00e9 pour garantir la libert\u00e9 de circulation d\u00e8s lors que cet all\u00e9gement ne porte pas pr\u00e9judice \u00e0 l\u2019imp\u00e9ratif de pr\u00e9server l\u2019ordre public et la protection des personnes et des biens lors des marches populaires\u00bb<\/em>, pr\u00e9cise un communiqu\u00e9 de la pr\u00e9sidence de la R\u00e9publique.<\/span><\/p>\n<p class=\"p2\"><span class=\"s2\">Le chef de l\u2019Etat a \u00e9galement fait part de sa disponibilit\u00e9 \u00e0 <em>\u00abordonner que des mesures soient prises afin de faciliter l\u2019acc\u00e8s aux m\u00e9dias publics \u00e0 toutes les opinions \u00e0 travers l\u2019organisation de d\u00e9bats contradictoires et ouverts \u00e0 toutes les expressions politiques, sans exclusive\u00bb<\/em>. Pour ce panel, le dialogue constitue <em>\u00able seul moyen\u00bb<\/em> \u00e0 m\u00eame de garantir une sortie pacifique de la crise, \u00e0 la hauteur des aspirations du peuple alg\u00e9rien.<\/span><\/p>\n<p class=\"p3\"><strong><span class=\"s2\">Le panel n\u2019a aucun avantage mat\u00e9riel<\/span><\/strong><\/p>\n<p class=\"p2\"><span class=\"s2\"><em>\u00abNotre participation \u00e0 cet effort collectif pour sortir de cette crise d\u00e9coule de notre engagement devant la nation et le peuple\u00bb<\/em>, estime M<sup>me<\/sup> Benabbou. Pour la constitutionnaliste, ce panel dont elle fait partie n\u2019est qu\u2019une passerelle\u00a0: <em>\u00abLe panel ne d\u00e9tient rien. Nous avons pos\u00e9 des pr\u00e9alables, nous voulons des mesures d\u2019apaisement pour r\u00e9instaurer la confiance qui a \u00e9t\u00e9 perdue. Nous allons travailler pour essayer d\u2019avoir toutes les tendances lourdes du hirak. La d\u00e9mocratie voudrait que\u00a0l\u2019on demande l\u2019avis de toutes les forces\u00bb<\/em>, explique M<sup>me<\/sup> Benabbou.<\/span><\/p>\n<p class=\"p2\"><span class=\"s2\">Pour Karim Youn\u00e8s, ce panel est un facilitateur du dialogue entre les diff\u00e9rents blocs, partis, animateurs et courants politiques afin d\u2019arriver \u00e0 l\u2019organisation d\u2019une pr\u00e9sidentielle dans les plus brefs d\u00e9lais. En outre, M<sup>me<\/sup> Benabbou a tenu \u00e0 pr\u00e9ciser que le panel n\u2019a rien demand\u00e9 et n\u2019aura aucun avantage mat\u00e9riel. <em>\u00abNotre seul objectif est de permettre \u00e0 notre pays de sortir de cette grave crise. Il y aura des critiques autour de la composante du panel. Le hirak ne veut pas des figures de l\u2019ancien syst\u00e8me, mais il va falloir accepter\u00a0les personnes cr\u00e9dibles\u00bb<\/em>, affirme la constitutionnaliste.<\/span><\/p>\n<p class=\"p2\"><span class=\"s2\">Notons que le dialogue que compte mener ce panel portera sur tous les aspects li\u00e9s \u00e0 l\u2019organisation de l\u2019\u00e9lection pr\u00e9sidentielle, ses \u00e9tapes pr\u00e9paratoires, les conditions qui lui sont n\u00e9cessaires, le d\u00e9roulement du calendrier \u00e9lectoral et la date de l\u2019\u00e9lection pr\u00e9sidentielle.<\/span><\/p>\n<p class=\"p2\"><span class=\"s2\">Le panel aura toute la libert\u00e9 pour organiser les modalit\u00e9s du dialogue et toute la latitude pour l\u2019\u00e9laboration des r\u00e9sultats et recommandations finales sur les questions ayant fait l\u2019objet d\u2019un consensus, \u00e0 condition qu\u2019elles s\u2019inscrivent dans le cadre de l\u2019objet du dialogue. Les institutions de l\u2019Etat s\u2019engagent \u00e0 les traduire en textes l\u00e9gislatifs et r\u00e9glementaires.\u00a0<\/span><\/p>\n<p><span class=\"post-views-label\">Post Views:<\/span> <span class=\"post-views-count\">2\u00a0231<\/span><\/p>\n<p><br class=\"c5\"\/><\/p>\n<p>Auteur: Hicham Chouadria<br \/>\n<a href=\"https:\/\/www.elwatan.com\/edition\/actualite\/le-panel-des-personnalites-pour-mener-le-dialogue-installe-nous-ne-sommes-quune-passerelle-et-des-facilitateurs-27-07-2019\">Cliquez ici pour lire l&rsquo;article depuis sa source.<\/a><\/p>\n","protected":false},"excerpt":{"rendered":"<p>(Photo : D. R) La composante du panel des personnalit\u00e9s appel\u00e9es \u00e0 mener la m\u00e9diation et le dialogue national est connue. Elle a \u00e9t\u00e9 rendue publique ce jeudi par la pr\u00e9sidence de la R\u00e9publique. De la liste des 13 personnalit\u00e9s propos\u00e9es par le Forum civil pour le changement, trois seulement figurent dans la nouvelle liste [&hellip;]<\/p>\n","protected":false},"author":1743,"featured_media":48897,"comment_status":"closed","ping_status":"closed","sticky":false,"template":"","format":"standard","meta":{"fifu_image_url":"","fifu_image_alt":"","footnotes":""},"categories":[73,53],"tags":[],"class_list":["post-48896","post","type-post","status-publish","format-standard","has-post-thumbnail","hentry","category-actualite","category-algerie"],"_links":{"self":[{"href":"https:\/\/linitiative.ca\/International\/wp-json\/wp\/v2\/posts\/48896","targetHints":{"allow":["GET"]}}],"collection":[{"href":"https:\/\/linitiative.ca\/International\/wp-json\/wp\/v2\/posts"}],"about":[{"href":"https:\/\/linitiative.ca\/International\/wp-json\/wp\/v2\/types\/post"}],"author":[{"embeddable":true,"href":"https:\/\/linitiative.ca\/International\/wp-json\/wp\/v2\/users\/1743"}],"replies":[{"embeddable":true,"href":"https:\/\/linitiative.ca\/International\/wp-json\/wp\/v2\/comments?post=48896"}],"version-history":[{"count":0,"href":"https:\/\/linitiative.ca\/International\/wp-json\/wp\/v2\/posts\/48896\/revisions"}],"wp:featuredmedia":[{"embeddable":true,"href":"https:\/\/linitiative.ca\/International\/wp-json\/"}],"wp:attachment":[{"href":"https:\/\/linitiative.ca\/International\/wp-json\/wp\/v2\/media?parent=48896"}],"wp:term":[{"taxonomy":"category","embeddable":true,"href":"https:\/\/linitiative.ca\/International\/wp-json\/wp\/v2\/categories?post=48896"},{"taxonomy":"post_tag","embeddable":true,"href":"https:\/\/linitiative.ca\/International\/wp-json\/wp\/v2\/tags?post=48896"}],"curies":[{"name":"wp","href":"https:\/\/api.w.org\/{rel}","templated":true}]}}