{"id":48898,"date":"2019-07-27T05:25:05","date_gmt":"2019-07-27T09:25:05","guid":{"rendered":"https:\/\/linitiative.ca\/International\/malgre-les-demandes-du-panel-et-les-promesses-du-chef-de-letat-le-dispositif-securitaire-toujours-imposant\/"},"modified":"2019-07-27T05:25:05","modified_gmt":"2019-07-27T09:25:05","slug":"malgre-les-demandes-du-panel-et-les-promesses-du-chef-de-letat-le-dispositif-securitaire-toujours-imposant","status":"publish","type":"post","link":"https:\/\/linitiative.ca\/International\/malgre-les-demandes-du-panel-et-les-promesses-du-chef-de-letat-le-dispositif-securitaire-toujours-imposant\/","title":{"rendered":"Malgr\u00e9 les demandes du panel et les promesses du chef de l\u2019Etat : Le dispositif s\u00e9curitaire toujours imposant"},"content":{"rendered":"<h4 class=\"title-14\"\/>\n<p class=\"p1\"><span class=\"s1\"><strong>P<\/strong><\/span><span class=\"s1\">as de mesure d\u2019apaisement. Le dispositif s\u00e9curitaire a \u00e9t\u00e9 maintenu malgr\u00e9 les promesses de son all\u00e9gement du chef de l\u2019Etat.<\/span><\/p>\n<p class=\"p2\"><span class=\"s1\">Aux acc\u00e8s \u00e0 la capitale et au centre-ville, la pr\u00e9sence polici\u00e8re \u00e9tait tr\u00e8s imposante \u00e0 l\u2019occasion du 23<sup>e<\/sup> vendredi du mouvement populaire. Des images diffus\u00e9es sur les r\u00e9seaux sociaux montrent des embouteillages sur l\u2019autoroute de l\u2019Est (Alger) et \u00e0 l\u2019entr\u00e9e du tunnel de Lakhdaria. Exception\u00a0: le tramway et le m\u00e9tro sont rest\u00e9s fonctionnels une partie de la matin\u00e9e, avant que les stations soient ferm\u00e9es.<\/span><\/p>\n<p class=\"p2\"><span class=\"s1\"><em>\u00abZ\u00e9ro apaisement dans la rue, le dispositif de police est le m\u00eame, il est m\u00eame encore plus avanc\u00e9<\/em> <em>que la semaine derni\u00e8re et continue \u00e0 \u00e9trangler le passage entre la place Audin et la Grande-Poste, c\u2019est-\u00e0-dire que toute la rue Khettabi est encombr\u00e9e de v\u00e9hicules de police.<\/em><\/span><\/p>\n<p class=\"p2\"><span class=\"s1\"><em>Le tunnel des Facult\u00e9s l\u2019est aussi et les policiers ne laissent personne s\u2019attarder dans les parages\u00bb<\/em>, d\u00e9taille Akram Kharief, journaliste, dans un post sur son mur Facebook. Les v\u00e9hicules de la police ont \u00e9t\u00e9 mobilis\u00e9s le long des boulevards importants investis par les manifestants. La pr\u00e9sence polici\u00e8re est toujours aussi importante sur les places fortes de la contestation\u00a0: 1<sup>er<\/sup> Mai, Grande-Poste, Maurice Audin.<\/span><\/p>\n<p class=\"p2\"><span class=\"s1\">Les policiers anti\u00e9meute ont vu leurs effectifs renforc\u00e9s. La tr\u00e9mie de Maur\u00e9tania (Alger-Centre) reste ferm\u00e9e\u00a0: des camions en obstruaient les deux entr\u00e9es. Les milliers de marcheurs venant du quartier Belouizdad sont emp\u00each\u00e9s de poursuivre leur chemin pour acc\u00e9der au boulevard Amirouche.<\/span><\/p>\n<p class=\"p3\"><strong><span class=\"s1\">Le panel pas entendu<\/span><\/strong><\/p>\n<p class=\"p2\"><span class=\"s1\">La police n\u2019a pas proc\u00e9d\u00e9 \u00e0 d\u2019importantes interpellations, mais des incidents sont signal\u00e9s. <em>\u00abJe comprends que la police proc\u00e8de \u00e0 des interpellations, je ne comprends pas le sadisme avec lequel ce policier frappe discr\u00e8tement le manifestant, pourtant neutralis\u00e9. J\u2019esp\u00e8re que la DGSN va prendre des mesures pour qu\u2019il n\u2019y ait plus de violence gratuite et sadique contre des citoyens\u00bb<\/em>, s\u2019indigne Akram Kharief, pr\u00e9cisant, image \u00e0 l\u2019appui sur sa page Facebook, que <em>\u00abl\u2019homme a \u00e9t\u00e9 arr\u00eat\u00e9 avec un dessin mais les policiers n\u2019ont m\u00eame pas pris le temps de v\u00e9rifier ce qui y \u00e9tait inscrit avant de l\u2019embarquer\u00bb<\/em>. La police maintient sa pression sur les porteurs du drapeau amazigh.<\/span><\/p>\n<p class=\"p2\"><span class=\"s1\">Un manifestant, qui a brandi cet embl\u00e8me \u00e0 la rue Didouche, a \u00e9t\u00e9 violemment interpell\u00e9.\u00a0N\u2019\u00e9tait l\u2019intervention des marcheurs, il aurait \u00e9t\u00e9 embarqu\u00e9, comme le montrent des images. TSA signale, dans sa chronologie de la journ\u00e9e, que des embl\u00e8mes ont \u00e9t\u00e9 d\u00e9ploy\u00e9s par certains manifestants, notamment parmi la foule dans laquelle se trouvaient le pr\u00e9sident du RCD, Mohcine Belabbas, et le d\u00e9put\u00e9 Athmane Mazouz. L\u2019all\u00e9gement du dispositif policier a \u00e9t\u00e9 l\u2019une des mesures r\u00e9clam\u00e9es\u00a0par le panel des n\u00e9gociateurs re\u00e7us par le chef de l\u2019Etat. Karim Youn\u00e8s, membre de cette commission, a annonc\u00e9, dans un post sur sa page Facebook, que les membres de la commission ont demand\u00e9, comme premi\u00e8res mesures, <em>\u00ab\u00e0 l\u2019unanimit\u00e9 et avec force, avant toute entame de la m\u00e9diation\u00bb,<\/em> le respect du caract\u00e8re pacifique des manifestations par les forces de l\u2019ordre\u00a0; la cessation des actes de violence et d\u2019agression \u00e0 l\u2019encontre des manifestants pacifiques du hirak et des \u00e9tudiants, l\u2019all\u00e9gement du dispositif policier, notamment dans la capitale, lors des marches hebdomadaires, l\u2019ouverture de tous les acc\u00e8s \u00e0 la capitale les jours de marche.<\/span><\/p>\n<p class=\"p2\"><span class=\"s1\">Bensalah, qui a re\u00e7u le panel, a fait part de sa <em>\u00abdisponibilit\u00e9\u00bb<\/em> \u00e0 prendre des mesures d\u2019accompagnement et d\u2019apaisement en r\u00e9action aux pr\u00e9occupations soulev\u00e9es par le panel, a indiqu\u00e9 un communiqu\u00e9 de la pr\u00e9sidence de la R\u00e9publique.<\/span><\/p>\n<p class=\"p2\"><span class=\"s1\">Bensalah a fait \u00e9tat de sa disponibilit\u00e9 \u00e0 \u0153uvrer pour inviter la justice \u00e0 examiner la possibilit\u00e9 d\u2019\u00e9largissement des personnes dont l\u2019interpellation s\u2019est faite en lien avec le d\u00e9roulement des marches populaires, \u00e0 envisager l\u2019all\u00e9gement du dispositif mis en place par les services de s\u00e9curit\u00e9 pour garantir la libert\u00e9 de circulation, d\u00e8s lors que cet all\u00e9gement ne porte pas pr\u00e9judice \u00e0 l\u2019imp\u00e9ratif de pr\u00e9server l\u2019ordre public, et la protection des personnes et des biens lors des marches populaires. Hier, aucune de ces promesses n\u2019a \u00e9t\u00e9 concr\u00e9tis\u00e9e\u00a0: les autorit\u00e9s continuent de fermer la capitale et maintenir le m\u00eame dispositif r\u00e9pressif.<span class=\"Apple-converted-space\">\u00a0<\/span><\/span><\/p>\n<p><span class=\"post-views-label\">Post Views:<\/span> <span class=\"post-views-count\">508<\/span><\/p>\n<p><br class=\"c4\"\/><\/p>\n<p>Auteur: Hicham Chouadria<br \/>\n<a href=\"https:\/\/www.elwatan.com\/edition\/actualite\/malgre-les-demandes-du-panel-et-les-promesses-du-chef-de-letat-le-dispositif-securitaire-toujours-imposant-27-07-2019\">Cliquez ici pour lire l&rsquo;article depuis sa source.<\/a><\/p>\n","protected":false},"excerpt":{"rendered":"<p>Pas de mesure d\u2019apaisement. Le dispositif s\u00e9curitaire a \u00e9t\u00e9 maintenu malgr\u00e9 les promesses de son all\u00e9gement du chef de l\u2019Etat. Aux acc\u00e8s \u00e0 la capitale et au centre-ville, la pr\u00e9sence polici\u00e8re \u00e9tait tr\u00e8s imposante \u00e0 l\u2019occasion du 23e vendredi du mouvement populaire. Des images diffus\u00e9es sur les r\u00e9seaux sociaux montrent des embouteillages sur l\u2019autoroute de [&hellip;]<\/p>\n","protected":false},"author":1743,"featured_media":0,"comment_status":"closed","ping_status":"closed","sticky":false,"template":"","format":"standard","meta":{"fifu_image_url":"","fifu_image_alt":"","footnotes":""},"categories":[73,53],"tags":[],"class_list":["post-48898","post","type-post","status-publish","format-standard","hentry","category-actualite","category-algerie"],"_links":{"self":[{"href":"https:\/\/linitiative.ca\/International\/wp-json\/wp\/v2\/posts\/48898","targetHints":{"allow":["GET"]}}],"collection":[{"href":"https:\/\/linitiative.ca\/International\/wp-json\/wp\/v2\/posts"}],"about":[{"href":"https:\/\/linitiative.ca\/International\/wp-json\/wp\/v2\/types\/post"}],"author":[{"embeddable":true,"href":"https:\/\/linitiative.ca\/International\/wp-json\/wp\/v2\/users\/1743"}],"replies":[{"embeddable":true,"href":"https:\/\/linitiative.ca\/International\/wp-json\/wp\/v2\/comments?post=48898"}],"version-history":[{"count":0,"href":"https:\/\/linitiative.ca\/International\/wp-json\/wp\/v2\/posts\/48898\/revisions"}],"wp:attachment":[{"href":"https:\/\/linitiative.ca\/International\/wp-json\/wp\/v2\/media?parent=48898"}],"wp:term":[{"taxonomy":"category","embeddable":true,"href":"https:\/\/linitiative.ca\/International\/wp-json\/wp\/v2\/categories?post=48898"},{"taxonomy":"post_tag","embeddable":true,"href":"https:\/\/linitiative.ca\/International\/wp-json\/wp\/v2\/tags?post=48898"}],"curies":[{"name":"wp","href":"https:\/\/api.w.org\/{rel}","templated":true}]}}