{"id":48901,"date":"2019-07-27T11:45:30","date_gmt":"2019-07-27T15:45:30","guid":{"rendered":"https:\/\/linitiative.ca\/International\/talaie-el-hourriyet-le-gouvernement-bedoui-constitue-un-veritable-obstacle-au-dialogue\/"},"modified":"2019-07-27T11:45:30","modified_gmt":"2019-07-27T15:45:30","slug":"talaie-el-hourriyet-le-gouvernement-bedoui-constitue-un-veritable-obstacle-au-dialogue","status":"publish","type":"post","link":"https:\/\/linitiative.ca\/International\/talaie-el-hourriyet-le-gouvernement-bedoui-constitue-un-veritable-obstacle-au-dialogue\/","title":{"rendered":"Talaie El-Hourriyet : le gouvernement Bedoui constitue un \u00ab v\u00e9ritable obstacle au dialogue \u00bb"},"content":{"rendered":"<h4 class=\"title-14\"\/>\n<div class=\"featured_image\"><img width=\"546\" height=\"274\" data-cfsrc=\"https:\/\/www.elwatan.com\/wp-content\/uploads\/2019\/07\/benflis-bedoui.png\" class=\"attachment-post-thumbnail size-post-thumbnail wp-post-image c2\" alt=\"\" srcset=\"https:\/\/www.elwatan.com\/wp-content\/uploads\/2019\/07\/benflis-bedoui.png 546w, https:\/\/www.elwatan.com\/wp-content\/uploads\/2019\/07\/benflis-bedoui-300x151.png 300w\" sizes=\"(max-width: 546px) 100vw, 546px\"\/><noscript><\/p>\n<p><img loading=\"lazy\" decoding=\"async\" width=\"546\" height=\"274\" src=\"https:\/\/www.elwatan.com\/wp-content\/uploads\/2019\/07\/benflis-bedoui.png\" class=\"attachment-post-thumbnail size-post-thumbnail wp-post-image\" alt=\"\" srcset=\"https:\/\/www.elwatan.com\/wp-content\/uploads\/2019\/07\/benflis-bedoui.png 546w, https:\/\/www.elwatan.com\/wp-content\/uploads\/2019\/07\/benflis-bedoui-300x151.png 300w\" sizes=\"auto, (max-width: 546px) 100vw, 546px\"\/><\/p>\n<p><\/noscript> <span class=\"featured-image-caption\">Ali Benflis (g) et le premier ministre N Bedoui. Photo : Sami K. et Souhil B. El Watan<\/span><\/div>\n<p>Le parti Talaie El-Hourriyet, pr\u00e9sid\u00e9 par Ali Benflis, r\u00e9clame la d\u00e9mission du gouvernement de\u00a0Noureddine Bedoui et \u00ab\u00a0le d\u00e9part des figures embl\u00e9matiques du r\u00e9gime toujours en place\u00a0\u00bb.<\/p>\n<p>\u00ab\u00a0La pr\u00e9sence au pouvoir d\u2019<a href=\"https:\/\/www.elwatan.com\/edition\/actualite\/4-casseroles-de-bedoui-15-03-2019\">un gouvernement<\/a>, nomm\u00e9 par \u00ab\u00a0les forces anti constitutionnelles\u00a0\u00bb et dont le d\u00e9part est exig\u00e9 par les Alg\u00e9riens, constitue un v\u00e9ritable obstacle au dialogue\u00a0\u00bb, a indiqu\u00e9 Talaie El-Hourriyet, dans un communiqu\u00e9 rendu public \u00e0 l\u2019issue de la r\u00e9union de son bureau politique, tenue, aujourd\u2019hui samedi, au si\u00e8ge du parti \u00e0 Alger.<\/p>\n<p>La formation politique de Benflis a relev\u00e9 \u00ab\u00a0l\u2019ambig\u00fcit\u00e9 de l\u2019attitude du pouvoir qui, d\u2019un c\u00f4t\u00e9, affiche sa disponibilit\u00e9 au dialogue et de l\u2019autre, tarde \u00e0 cr\u00e9er un climat politique favorable \u00e0 ce dialogue\u00a0\u00bb. Il a not\u00e9 \u00ab\u00a0la persistance de la pression que le pouvoir politique continue \u00e0 exercer sur les m\u00e9dias et la presse, toutes formes d\u2019expression confondues\u00a0\u00bb.<\/p>\n<p>Talaie El-Hourriyet a rappel\u00e9, dans ce cadre, les pr\u00e9alables \u00e0 l\u2019ouverture du dialogue \u00e0 savoir, \u00ab\u00a0le d\u00e9part des figures embl\u00e9matiques du r\u00e9gime toujours en place, la lib\u00e9ration des d\u00e9tenus arr\u00eat\u00e9s durant les marches populaires, la lev\u00e9e des contraintes exerc\u00e9es sur les activit\u00e9s politiques, syndicales et associatives et des restrictions aux droits et libert\u00e9s notamment, la libert\u00e9 d\u2019expression et de r\u00e9union et l\u2019ouverture des m\u00e9dias publics\u00a0\u00bb. Et d\u2019jouter\u00a0: \u00ab\u00a0Des mesures d\u2019apaisement seront la meilleure preuve de la volont\u00e9 du pouvoir politique de s\u2019engager dans un v\u00e9ritable processus de sortie de crise pour la r\u00e9alisation des aspirations populaires et <a href=\"https:\/\/www.elwatan.com\/edition\/actualite\/le-panel-des-personnalites-pour-mener-le-dialogue-installe-nous-ne-sommes-quune-passerelle-et-des-facilitateurs-27-07-2019\">d\u2019\u00e9carter toute suspicion sur ses intentions<\/a>\u00a0\u00bb.<\/p>\n<p>Le parti de <a href=\"https:\/\/www.elwatan.com\/edition\/contributions\/la-course-contre-la-montre-23-07-2019\">Ali Benflis<\/a> consid\u00e8re, en somme, que \u00ab\u00a0l\u2019\u00e9lection d\u2019un Pr\u00e9sident de la R\u00e9publique dans des conditions de r\u00e9gularit\u00e9 et de transparence incontestables, dans les meilleurs d\u00e9lais possibles, est la voie la plus d\u00e9mocratique, la plus s\u00fbre, la plus courte, et la moins on\u00e9reuse pour notre pays aux plans s\u00e9curitaire, <a href=\"https:\/\/www.elwatan.com\/edition\/economie\/economie-nationale-une-reforme-tributaire-de-la-refonte-du-systeme-de-gouvernance-23-07-2019\">politique, \u00e9conomique et social\u00a0\u00bb.<\/a><\/p>\n<p><span class=\"post-views-label\">Post Views:<\/span> <span class=\"post-views-count\">2\u00a0023<\/span><\/p>\n<p><br class=\"c4\"\/><\/p>\n<p>Auteur: Farouk Djouadi<br \/>\n<a href=\"https:\/\/www.elwatan.com\/edition\/actualite\/talaie-el-hourriyet-le-gouvernement-bedoui-constitue-un-veritable-obstacle-au-dialogue-27-07-2019\">Cliquez ici pour lire l&rsquo;article depuis sa source.<\/a><\/p>\n","protected":false},"excerpt":{"rendered":"<p>Ali Benflis (g) et le premier ministre N Bedoui. Photo : Sami K. et Souhil B. El Watan Le parti Talaie El-Hourriyet, pr\u00e9sid\u00e9 par Ali Benflis, r\u00e9clame la d\u00e9mission du gouvernement de\u00a0Noureddine Bedoui et \u00ab\u00a0le d\u00e9part des figures embl\u00e9matiques du r\u00e9gime toujours en place\u00a0\u00bb. \u00ab\u00a0La pr\u00e9sence au pouvoir d\u2019un gouvernement, nomm\u00e9 par \u00ab\u00a0les forces anti [&hellip;]<\/p>\n","protected":false},"author":1743,"featured_media":48902,"comment_status":"closed","ping_status":"closed","sticky":false,"template":"","format":"standard","meta":{"fifu_image_url":"","fifu_image_alt":"","footnotes":""},"categories":[73,53],"tags":[],"class_list":["post-48901","post","type-post","status-publish","format-standard","has-post-thumbnail","hentry","category-actualite","category-algerie"],"_links":{"self":[{"href":"https:\/\/linitiative.ca\/International\/wp-json\/wp\/v2\/posts\/48901","targetHints":{"allow":["GET"]}}],"collection":[{"href":"https:\/\/linitiative.ca\/International\/wp-json\/wp\/v2\/posts"}],"about":[{"href":"https:\/\/linitiative.ca\/International\/wp-json\/wp\/v2\/types\/post"}],"author":[{"embeddable":true,"href":"https:\/\/linitiative.ca\/International\/wp-json\/wp\/v2\/users\/1743"}],"replies":[{"embeddable":true,"href":"https:\/\/linitiative.ca\/International\/wp-json\/wp\/v2\/comments?post=48901"}],"version-history":[{"count":0,"href":"https:\/\/linitiative.ca\/International\/wp-json\/wp\/v2\/posts\/48901\/revisions"}],"wp:featuredmedia":[{"embeddable":true,"href":"https:\/\/linitiative.ca\/International\/wp-json\/"}],"wp:attachment":[{"href":"https:\/\/linitiative.ca\/International\/wp-json\/wp\/v2\/media?parent=48901"}],"wp:term":[{"taxonomy":"category","embeddable":true,"href":"https:\/\/linitiative.ca\/International\/wp-json\/wp\/v2\/categories?post=48901"},{"taxonomy":"post_tag","embeddable":true,"href":"https:\/\/linitiative.ca\/International\/wp-json\/wp\/v2\/tags?post=48901"}],"curies":[{"name":"wp","href":"https:\/\/api.w.org\/{rel}","templated":true}]}}