{"id":48903,"date":"2019-07-27T12:41:00","date_gmt":"2019-07-27T16:41:00","guid":{"rendered":"https:\/\/linitiative.ca\/International\/lhommage-de-mohamed-ennaceur-au-president-defunt-vous-etes-lartisan-des-premieres-elections-libres-et-lachitecte-du-consensus-national\/"},"modified":"2019-07-27T12:41:00","modified_gmt":"2019-07-27T16:41:00","slug":"lhommage-de-mohamed-ennaceur-au-president-defunt-vous-etes-lartisan-des-premieres-elections-libres-et-lachitecte-du-consensus-national","status":"publish","type":"post","link":"https:\/\/linitiative.ca\/International\/lhommage-de-mohamed-ennaceur-au-president-defunt-vous-etes-lartisan-des-premieres-elections-libres-et-lachitecte-du-consensus-national\/","title":{"rendered":"L&rsquo;hommage de Mohamed Ennaceur au pr\u00e9sident d\u00e9funt : vous \u00eates l&rsquo;artisan des premi\u00e8res \u00e9lections libres et  l&rsquo;achitecte du consensus national"},"content":{"rendered":"<p>Le pr\u00e9sident provisoire de la R\u00e9publique, Mohamed Ennaceur a rendu ce samedi un vibrant hommage \u00e0 B\u00e9ji Ca\u00efd Essebsi\u00a0 lors de l&rsquo;\u00e9mouvante c\u00e9r\u00e9monie organis\u00e9e au palais de Carthage. C\u2019est d\u2019une voix \u00e9trangl\u00e9e par l\u2019\u00e9motion que Mohammed Ennaceur a pass\u00e9 en revue les principales \u00e9tapes de la carri\u00e8re politique de son pr\u00e9d\u00e9cesseur et son action \u00abinlassable\u00bb en vue de consacrer les valeurs r\u00e9publicaines et notamment la d\u00e9mocratie. Se tournant vers le cercueil, il a d\u00e9clar\u00e9 : \u00ab toute votre vie durant, vous vous \u00eates mis au service du peuple et de l&rsquo;Etat et milit\u00e9 dans votre jeunesse dans le mouvement destourien sous l&rsquo;\u00e9gide du leader Habib Bourguiba que vous avez toujours soutenu m\u00eame dans les moments difficiles, notamment en 1956. Il a \u00e9galement rappel\u00e9 les diff\u00e9rents postes occup\u00e9s par le d\u00e9funt o\u00f9 il avait renforc\u00e9 l&rsquo;autorit\u00e9 de l&rsquo;Etat et \u00e9tabli le primat de la loi.<\/p>\n<p>Abordant la p\u00e9riode post r\u00e9volution, le pr\u00e9sident provisoire a soulign\u00e9 que le d\u00e9funt a eu le m\u00e9rite\u00a0 d&rsquo;organiser les premi\u00e8res \u00e9lections libres et transparentes du pays, r\u00e9ussi \u00e0 \u00e9quilbrer le paysage politique en fondant le mouvement Nidaa Toun\u00e8s, et ensuite d&rsquo;\u00eatre l&rsquo;architecte\u00a0 du consensus national.<\/p>\n<p>\u00a0<br \/>\u00a0<\/p>\n<p>Auteur:<br \/>\n<a href=\"https:\/\/www.leaders.com.tn\/article\/27600-l-hommage-de-mohamed-ennaceur-au-president-defunt-vous-etes-l-atisan-des-premieres-elections-libres-et-l-achitecte-du-consensus-national\">Cliquez ici pour lire l&rsquo;article depuis sa source.<\/a><\/p>\n","protected":false},"excerpt":{"rendered":"<p>Le pr\u00e9sident provisoire de la R\u00e9publique, Mohamed Ennaceur a rendu ce samedi un vibrant hommage \u00e0 B\u00e9ji Ca\u00efd Essebsi\u00a0 lors de l&rsquo;\u00e9mouvante c\u00e9r\u00e9monie organis\u00e9e au palais de Carthage. C\u2019est d\u2019une voix \u00e9trangl\u00e9e par l\u2019\u00e9motion que Mohammed Ennaceur a pass\u00e9 en revue les principales \u00e9tapes de la carri\u00e8re politique de son pr\u00e9d\u00e9cesseur et son action \u00abinlassable\u00bb [&hellip;]<\/p>\n","protected":false},"author":1772,"featured_media":0,"comment_status":"closed","ping_status":"closed","sticky":false,"template":"","format":"standard","meta":{"fifu_image_url":"","fifu_image_alt":"","footnotes":""},"categories":[73,55],"tags":[],"class_list":["post-48903","post","type-post","status-publish","format-standard","hentry","category-actualite","category-tunisie"],"_links":{"self":[{"href":"https:\/\/linitiative.ca\/International\/wp-json\/wp\/v2\/posts\/48903","targetHints":{"allow":["GET"]}}],"collection":[{"href":"https:\/\/linitiative.ca\/International\/wp-json\/wp\/v2\/posts"}],"about":[{"href":"https:\/\/linitiative.ca\/International\/wp-json\/wp\/v2\/types\/post"}],"author":[{"embeddable":true,"href":"https:\/\/linitiative.ca\/International\/wp-json\/wp\/v2\/users\/1772"}],"replies":[{"embeddable":true,"href":"https:\/\/linitiative.ca\/International\/wp-json\/wp\/v2\/comments?post=48903"}],"version-history":[{"count":0,"href":"https:\/\/linitiative.ca\/International\/wp-json\/wp\/v2\/posts\/48903\/revisions"}],"wp:attachment":[{"href":"https:\/\/linitiative.ca\/International\/wp-json\/wp\/v2\/media?parent=48903"}],"wp:term":[{"taxonomy":"category","embeddable":true,"href":"https:\/\/linitiative.ca\/International\/wp-json\/wp\/v2\/categories?post=48903"},{"taxonomy":"post_tag","embeddable":true,"href":"https:\/\/linitiative.ca\/International\/wp-json\/wp\/v2\/tags?post=48903"}],"curies":[{"name":"wp","href":"https:\/\/api.w.org\/{rel}","templated":true}]}}