{"id":48905,"date":"2019-07-27T14:58:00","date_gmt":"2019-07-27T18:58:00","guid":{"rendered":"https:\/\/linitiative.ca\/International\/caid-essebsi-est-entre-dans-ce-palais-en-tant-que-president-il-en-est-sorti-zaim-album-photos\/"},"modified":"2019-07-27T14:58:00","modified_gmt":"2019-07-27T18:58:00","slug":"caid-essebsi-est-entre-dans-ce-palais-en-tant-que-president-il-en-est-sorti-zaim-album-photos","status":"publish","type":"post","link":"https:\/\/linitiative.ca\/International\/caid-essebsi-est-entre-dans-ce-palais-en-tant-que-president-il-en-est-sorti-zaim-album-photos\/","title":{"rendered":"Ca\u00efd Essebsi est entr\u00e9 dans ce palais en tant que pr\u00e9sident. Il en est sorti Za\u00efm (Album Photos)"},"content":{"rendered":"<p>\u00a0C\u2019\u00e9tait les premi\u00e8res fun\u00e9railles d\u2019un pr\u00e9sident de la R\u00e9publique en exercice en Tunisie. Les autorit\u00e9s avaient 48 heures pour les pr\u00e9parer et on \u00e9tait bien curieux de voir comment les Tunisiens allaient r\u00e9agir d\u2019autant plus que la cote du pr\u00e9sident \u00e9tait au plus bas.<\/p>\n<p>Cette mar\u00e9e humaine qui a accompagn\u00e9 spontan\u00e9ment le pr\u00e9sident jusqu&rsquo;\u00e0 sa derni\u00e8re demeure a fait s&rsquo;exclamer Hafedh, le fils du pr\u00e9sident : \u00ab Mon p\u00e8re \u00e9tait entr\u00e9 dans ce palais en tant que pr\u00e9sident. Il en est sorti \u00ab Za\u00efm \u00bb. M\u00eame dans les premi\u00e8res heures de la r\u00e9volution, on n&rsquo;avait pas connu cette ferveur et cette ferveur.\u00a0<\/p>\n<p>Ces fun\u00e9railles auront \u00e9t\u00e9 une r\u00e9ussite sur tous les plans : populaire, m\u00e9diatique mais aussi organisationnel. Aucun anicroche, aucun impair, aucun contretemps, comme si on voulait d\u00e9mentir les proph\u00e8tes du malheur qui n&rsquo;ont cess\u00e9 de nous parler de complots ces derniers mois. La continuit\u00e9 de l&rsquo;Etat est assur\u00e9e. La Tunisie se porte bien, merci. D\u00e9cid\u00e9ment ce peuple n\u2019aura pas fini de nous \u00e9tonner.\u00a0<br \/>\u00a0<br \/>\u00a0<\/p>\n<p>Auteur:<br \/>\n<a href=\"https:\/\/www.leaders.com.tn\/article\/27601-caid-essebsi-est-entre-dans-ce-palais-en-tant-que-president-il-en-est-sorti-zaim-album-photos\">Cliquez ici pour lire l&rsquo;article depuis sa source.<\/a><\/p>\n","protected":false},"excerpt":{"rendered":"<p>\u00a0C\u2019\u00e9tait les premi\u00e8res fun\u00e9railles d\u2019un pr\u00e9sident de la R\u00e9publique en exercice en Tunisie. Les autorit\u00e9s avaient 48 heures pour les pr\u00e9parer et on \u00e9tait bien curieux de voir comment les Tunisiens allaient r\u00e9agir d\u2019autant plus que la cote du pr\u00e9sident \u00e9tait au plus bas. Cette mar\u00e9e humaine qui a accompagn\u00e9 spontan\u00e9ment le pr\u00e9sident jusqu&rsquo;\u00e0 sa [&hellip;]<\/p>\n","protected":false},"author":1772,"featured_media":0,"comment_status":"closed","ping_status":"closed","sticky":false,"template":"","format":"standard","meta":{"fifu_image_url":"","fifu_image_alt":"","footnotes":""},"categories":[73,55],"tags":[],"class_list":["post-48905","post","type-post","status-publish","format-standard","hentry","category-actualite","category-tunisie"],"_links":{"self":[{"href":"https:\/\/linitiative.ca\/International\/wp-json\/wp\/v2\/posts\/48905","targetHints":{"allow":["GET"]}}],"collection":[{"href":"https:\/\/linitiative.ca\/International\/wp-json\/wp\/v2\/posts"}],"about":[{"href":"https:\/\/linitiative.ca\/International\/wp-json\/wp\/v2\/types\/post"}],"author":[{"embeddable":true,"href":"https:\/\/linitiative.ca\/International\/wp-json\/wp\/v2\/users\/1772"}],"replies":[{"embeddable":true,"href":"https:\/\/linitiative.ca\/International\/wp-json\/wp\/v2\/comments?post=48905"}],"version-history":[{"count":0,"href":"https:\/\/linitiative.ca\/International\/wp-json\/wp\/v2\/posts\/48905\/revisions"}],"wp:attachment":[{"href":"https:\/\/linitiative.ca\/International\/wp-json\/wp\/v2\/media?parent=48905"}],"wp:term":[{"taxonomy":"category","embeddable":true,"href":"https:\/\/linitiative.ca\/International\/wp-json\/wp\/v2\/categories?post=48905"},{"taxonomy":"post_tag","embeddable":true,"href":"https:\/\/linitiative.ca\/International\/wp-json\/wp\/v2\/tags?post=48905"}],"curies":[{"name":"wp","href":"https:\/\/api.w.org\/{rel}","templated":true}]}}