{"id":48906,"date":"2019-07-27T17:05:16","date_gmt":"2019-07-27T21:05:16","guid":{"rendered":"https:\/\/linitiative.ca\/International\/exclusif-macron-rencontre-a-carthage-lemir-du-qatar-cheikh-tamim-faiez-sarraj-et-ghassan-salame\/"},"modified":"2019-07-27T17:05:16","modified_gmt":"2019-07-27T21:05:16","slug":"exclusif-macron-rencontre-a-carthage-lemir-du-qatar-cheikh-tamim-faiez-sarraj-et-ghassan-salame","status":"publish","type":"post","link":"https:\/\/linitiative.ca\/International\/exclusif-macron-rencontre-a-carthage-lemir-du-qatar-cheikh-tamim-faiez-sarraj-et-ghassan-salame\/","title":{"rendered":"Exclusif &#8211; Macron rencontre \u00e0 Carthage l\u2019\u00e9mir du Qatar, Cheikh Tamim, Faiez Sarraj et Ghassan Salam\u00e9"},"content":{"rendered":"<p>\u00a0Vacances interrompues pour vacances interrompues (\u00e0 peine commenc\u00e9es au fort Br\u00e9gan\u00e7on), autant les mettre \u00e0 profit afin d\u2019arr\u00eater le carnage sur les portes de Tripoli. C\u2019est \u00e0 quoi s\u2019est employ\u00e9 le pr\u00e9sident fran\u00e7ais Emmanuel Macron, en se rendant samedi \u00e0 Tunis, rendre un dernier adieu au pr\u00e9sident B\u00e9ji Ca\u00efd Essebsi. Dans un salon discret de la zone priv\u00e9e au Palais de Carthage, il s\u2019est entretenu en t\u00eate-\u00e0-t\u00eate successivement avec l\u2019Emir du Qatar, Cheikh Tamim bin Hamad, le pr\u00e9sident du gouvernement d\u2019union nationale, Faiez Sarraj et le repr\u00e9sentant sp\u00e9cial du secr\u00e9taire g\u00e9n\u00e9ral de l\u2019ONU pour la Libye Ghassan Salam\u00e9.<\/p>\n<p class=\"MsoNormal\">Le pr\u00e9sident Macron \u00e9tait arriv\u00e9 \u00e0 Tunis \u00e0 la t\u00eate d\u2019une d\u00e9l\u00e9gation tr\u00e8s r\u00e9duite, comprenant uniquement son nouveau conseiller diplomatique, Emanuel Bonn et en invit\u00e9 personnel, Bertrand Delano\u00eb, l\u2019enfant de Bizerte et ancien Maire de Paris.<\/p>\n<p class=\"MsoNormal c2\"><img loading=\"lazy\" decoding=\"async\" src=\"\/uploads\/FCK_files\/Macron-salame.jpg\" width=\"700\" height=\"427\" vspace=\"5\" hspace=\"5\" align=\"middle\" alt=\"\"\/><\/p>\n<p class=\"MsoNormal c2\"><img loading=\"lazy\" decoding=\"async\" src=\"\/uploads\/FCK_files\/Salame.jpg\" width=\"700\" height=\"427\" vspace=\"5\" hspace=\"5\" align=\"middle\" alt=\"\"\/><\/p>\n<p class=\"MsoNormal\">\u00a0<\/p>\n<p class=\"MsoNormal\">Rien n\u2019a filtr\u00e9 de ces entretiens, mais il est clair que le pr\u00e9sident Macron entend peser de tout son poids pour faire cesser le feu entre les arm\u00e9es de Haftar, et celles gouvernementales, ainsi que les milices au moment o\u00f9 la pression est pouss\u00e9e au paroxysme, faisant de lourds bilans en pertes humaines et bless\u00e9s.<\/p>\n<p class=\"MsoNormal\">Les jours qui viennent seront encore plus difficiles, pronostique, un bon connaisseur du dossier. Rien de positif n\u2019est pour le moment \u00e0 l\u2019horizon d\u00e9plore-t-il. Mais, les efforts diplomatiques doivent se poursuivre et s\u2019intensifier, esp\u00e8re-t-il.<\/p>\n<p class=\"MsoNormal\">\u00a0<\/p>\n<p class=\"MsoNormal\">\u00a0<\/p>\n<p>Auteur:<br \/>\n<a href=\"https:\/\/www.leaders.com.tn\/article\/27605-exclusif-macron-rencontre-a-carthage-l-emir-du-qatar-faiez-sarraj-et-ghassan-salame\">Cliquez ici pour lire l&rsquo;article depuis sa source.<\/a><\/p>\n","protected":false},"excerpt":{"rendered":"<p>\u00a0Vacances interrompues pour vacances interrompues (\u00e0 peine commenc\u00e9es au fort Br\u00e9gan\u00e7on), autant les mettre \u00e0 profit afin d\u2019arr\u00eater le carnage sur les portes de Tripoli. C\u2019est \u00e0 quoi s\u2019est employ\u00e9 le pr\u00e9sident fran\u00e7ais Emmanuel Macron, en se rendant samedi \u00e0 Tunis, rendre un dernier adieu au pr\u00e9sident B\u00e9ji Ca\u00efd Essebsi. Dans un salon discret de [&hellip;]<\/p>\n","protected":false},"author":1772,"featured_media":48907,"comment_status":"closed","ping_status":"closed","sticky":false,"template":"","format":"standard","meta":{"fifu_image_url":"","fifu_image_alt":"","footnotes":""},"categories":[73,55],"tags":[],"class_list":["post-48906","post","type-post","status-publish","format-standard","has-post-thumbnail","hentry","category-actualite","category-tunisie"],"_links":{"self":[{"href":"https:\/\/linitiative.ca\/International\/wp-json\/wp\/v2\/posts\/48906","targetHints":{"allow":["GET"]}}],"collection":[{"href":"https:\/\/linitiative.ca\/International\/wp-json\/wp\/v2\/posts"}],"about":[{"href":"https:\/\/linitiative.ca\/International\/wp-json\/wp\/v2\/types\/post"}],"author":[{"embeddable":true,"href":"https:\/\/linitiative.ca\/International\/wp-json\/wp\/v2\/users\/1772"}],"replies":[{"embeddable":true,"href":"https:\/\/linitiative.ca\/International\/wp-json\/wp\/v2\/comments?post=48906"}],"version-history":[{"count":0,"href":"https:\/\/linitiative.ca\/International\/wp-json\/wp\/v2\/posts\/48906\/revisions"}],"wp:featuredmedia":[{"embeddable":true,"href":"https:\/\/linitiative.ca\/International\/wp-json\/"}],"wp:attachment":[{"href":"https:\/\/linitiative.ca\/International\/wp-json\/wp\/v2\/media?parent=48906"}],"wp:term":[{"taxonomy":"category","embeddable":true,"href":"https:\/\/linitiative.ca\/International\/wp-json\/wp\/v2\/categories?post=48906"},{"taxonomy":"post_tag","embeddable":true,"href":"https:\/\/linitiative.ca\/International\/wp-json\/wp\/v2\/tags?post=48906"}],"curies":[{"name":"wp","href":"https:\/\/api.w.org\/{rel}","templated":true}]}}