{"id":48908,"date":"2019-07-27T06:00:00","date_gmt":"2019-07-27T10:00:00","guid":{"rendered":"https:\/\/linitiative.ca\/International\/sebastian-coe-en-course-pour-sa-propre-succession\/"},"modified":"2019-07-27T06:00:00","modified_gmt":"2019-07-27T10:00:00","slug":"sebastian-coe-en-course-pour-sa-propre-succession","status":"publish","type":"post","link":"https:\/\/linitiative.ca\/International\/sebastian-coe-en-course-pour-sa-propre-succession\/","title":{"rendered":"Sebastian Coe, en course pour sa propre succession"},"content":{"rendered":"<p>La F\u00e9d\u00e9ration internationale d&rsquo;athl\u00e9tisme (IAAF) a annonc\u00e9, vendredi que l&rsquo;actuel pr\u00e9sident de l&rsquo;instance, le Britannique Sebastian Coe sera seul candidat \u00e0 sa propre succession, lors du Congr\u00e8s \u00e9lectif pr\u00e9vu les 25 et 26 septembre \u00e0 Doha. Coe (62 ans), double champion olympique du 1 500 m (1980, 1984), ex-pr\u00e9sident du Comit\u00e9 d&rsquo;organisation des Jeux olympiques de Londres (2012) et ancien d\u00e9put\u00e9 conservateur, avait remplac\u00e9 en 2015 le S\u00e9n\u00e9galais Lamine Diack \u00e0 la t\u00eate de l&rsquo;IAAF, \u00e0 l&rsquo;aube d&rsquo;un vaste scandale de dopage et de corruption en lien avec la Russie. Diack, pr\u00e9sident de l&rsquo;IAAF de 1999 \u00e0 2015, a \u00e9t\u00e9 renvoy\u00e9 cette ann\u00e9e devant le tribunal correctionnel de Paris pour \u00abcorruption active et passive\u00bb, \u00ababus de confiance\u00bb et \u00abblanchiment en bande organis\u00e9e\u00bb pour avoir obtenu des fonds russes pour des campagnes politiques au S\u00e9n\u00e9gal, en \u00e9change de l&rsquo;indulgence des services antidopage de l&rsquo;IAAF. Le pacte de corruption pr\u00e9sum\u00e9 aurait aussi permis de faciliter des n\u00e9gociations avec des sponsors et des diffuseurs russes, avant les Mondiaux d&rsquo;athl\u00e9tisme \u00e0 Moscou en 2013. Lors du prochain Congr\u00e8s de l&rsquo;IAAF, qui sera organis\u00e9 juste avant les Mondiaux de Doha (27 septembre &#8211; 6 octobre), 18 si\u00e8ges du Conseil, le gouvernement de l&rsquo;IAAF, seront \u00e0 pourvoir, parmi lesquels un pr\u00e9sident, quatre vice-pr\u00e9sidents et 13 simples membres.<\/p>\n<p>Auteur:<br \/>\n<a href=\"https:\/\/www.lesoirdalgerie.com\/sports\/sebastian-coe-en-course-pour-sa-propre-succession-27658\">Cliquez ici pour lire l&rsquo;article depuis sa source.<\/a><\/p>\n","protected":false},"excerpt":{"rendered":"<p>La F\u00e9d\u00e9ration internationale d&rsquo;athl\u00e9tisme (IAAF) a annonc\u00e9, vendredi que l&rsquo;actuel pr\u00e9sident de l&rsquo;instance, le Britannique Sebastian Coe sera seul candidat \u00e0 sa propre succession, lors du Congr\u00e8s \u00e9lectif pr\u00e9vu les 25 et 26 septembre \u00e0 Doha. Coe (62 ans), double champion olympique du 1 500 m (1980, 1984), ex-pr\u00e9sident du Comit\u00e9 d&rsquo;organisation des Jeux olympiques [&hellip;]<\/p>\n","protected":false},"author":1741,"featured_media":0,"comment_status":"closed","ping_status":"closed","sticky":false,"template":"","format":"standard","meta":{"fifu_image_url":"","fifu_image_alt":"","footnotes":""},"categories":[73,53],"tags":[],"class_list":["post-48908","post","type-post","status-publish","format-standard","hentry","category-actualite","category-algerie"],"_links":{"self":[{"href":"https:\/\/linitiative.ca\/International\/wp-json\/wp\/v2\/posts\/48908","targetHints":{"allow":["GET"]}}],"collection":[{"href":"https:\/\/linitiative.ca\/International\/wp-json\/wp\/v2\/posts"}],"about":[{"href":"https:\/\/linitiative.ca\/International\/wp-json\/wp\/v2\/types\/post"}],"author":[{"embeddable":true,"href":"https:\/\/linitiative.ca\/International\/wp-json\/wp\/v2\/users\/1741"}],"replies":[{"embeddable":true,"href":"https:\/\/linitiative.ca\/International\/wp-json\/wp\/v2\/comments?post=48908"}],"version-history":[{"count":0,"href":"https:\/\/linitiative.ca\/International\/wp-json\/wp\/v2\/posts\/48908\/revisions"}],"wp:attachment":[{"href":"https:\/\/linitiative.ca\/International\/wp-json\/wp\/v2\/media?parent=48908"}],"wp:term":[{"taxonomy":"category","embeddable":true,"href":"https:\/\/linitiative.ca\/International\/wp-json\/wp\/v2\/categories?post=48908"},{"taxonomy":"post_tag","embeddable":true,"href":"https:\/\/linitiative.ca\/International\/wp-json\/wp\/v2\/tags?post=48908"}],"curies":[{"name":"wp","href":"https:\/\/api.w.org\/{rel}","templated":true}]}}