{"id":48909,"date":"2019-07-27T06:00:00","date_gmt":"2019-07-27T10:00:00","guid":{"rendered":"https:\/\/linitiative.ca\/International\/bouraada-fait-limpasse-sur-les-mondiaux-de-doha\/"},"modified":"2019-07-27T06:00:00","modified_gmt":"2019-07-27T10:00:00","slug":"bouraada-fait-limpasse-sur-les-mondiaux-de-doha","status":"publish","type":"post","link":"https:\/\/linitiative.ca\/International\/bouraada-fait-limpasse-sur-les-mondiaux-de-doha\/","title":{"rendered":"Boura\u00e2da fait l\u2019impasse sur les Mondiaux de Doha"},"content":{"rendered":"<p>L\u2019international alg\u00e9rien, Larbi Boura\u00e2da, a d\u00e9cid\u00e9 de faire l\u2019impasse sur les Championnats du monde d\u2019athl\u00e9tisme de Doha (28 septembre &#8211; 6 octobre 2019), mais sera pr\u00e9sent aux Jeux Africains de Rabat en ao\u00fbt prochain.\u00a0<br \/>\u00abJe ne suis pas pr\u00eat pour aller aux Mondiaux car je commence \u00e0 revenir petit \u00e0 petit \u00e0 ma forme, mais je participerai aux Jeux Africains avec comme objectif de monter sur le podium\u00bb, a indiqu\u00e9 le champion d&rsquo;Afrique en titre du d\u00e9cathlon \u00e0 la commission de communication de la FAA en marge du national Open qui se d\u00e9roule \u00e0 Bordj El-Kiffan, Alger. Notre d\u00e9cathlonien, qui a subi une intervention chirurgicale en janvier dernier, a termin\u00e9 2e de sa s\u00e9rie en14.93 sur le 110m haies de l&rsquo;Open \u00abTayeb Meghazi Cha\u00e2\u00bb d\u2019athl\u00e9tisme jeudi.<\/p>\n<p><strong>800 m :\u00a0 Victoire de Ramzi Abdenouz au meeting Johensuu-Finlande<\/strong><br \/>L&rsquo;International alg\u00e9rien Ramzi Abdenouz a remport\u00e9 le 800 m du meeting Johensuu en Finlande, disput\u00e9 mercredi 24 juillet 2019, avec un chrono de 1:47.28. La 2e place est revenue au Britannique Joseph Reid en 1:47.71 devant le Danois Andreas Bube en 1:47.99. Abdenouz s&rsquo;est impos\u00e9 sur la ligne droite apr\u00e8s avoir pris la t\u00eate \u00e0 la sortie du virage. 2e au passage du 1er tour boucl\u00e9 en 51.27 derri\u00e8re le danois Bube Abdenouz est rest\u00e9 \u00e0 la m\u00eame position mais en se rapprochant du meneur avant de le devancer sur les derniers 80 m\u00e8tres.\u00a0<\/p>\n<p><strong>20 km marche : Nouvelle performance nationale pour Souad Azzi<\/strong><br \/>Souad Azzi, du MB B\u00e9ja\u00efa, a \u00e9t\u00e9 la vedette du 20 km marche du championnat national Open, disput\u00e9 mercredi 24 juillet 2019 au stade \u00abBateau-cass\u00e9\u00bb \u00e0 Bordj El Kiffan \u00e0 Alger. Azzi a, en effet, am\u00e9lior\u00e9 son record personnel de l\u2019\u00e9preuve en signant 1h36.04 contre 1h39.53 qu\u2019elle d\u00e9tenait auparavant. Ce chrono qui est \u00e9galement la seconde performance africaine de l\u2019ann\u00e9e derri\u00e8re l\u2019Ethiopienne Yehualye Beletew, qui a r\u00e9alis\u00e9 1h33.02, n&rsquo;a pas \u00e9t\u00e9 comptabilis\u00e9 en tant que record en raison de la non-homologation officielle par un mesureur agr\u00e9\u00e9 par l&rsquo;IAAF du parcours de l&rsquo;\u00e9preuve, selon la commission de communication de la FAA. \u00abTr\u00e8s \u00e0 l\u2019aise sur le parcours trac\u00e9 \u00e0 l\u2019int\u00e9rieur du stade, sur la piste et derri\u00e8re les tribunes, la soci\u00e9taire du Macha\u00e2l de B\u00e9ja\u00efa a facilement devanc\u00e9 ses adversaires qui n\u2019ont pu suivre son rythme. Le retard accus\u00e9 par la 2e marcheuse Bariza Ghezlani de plus de 4 minutes t\u00e9moigne de la diff\u00e9rence de niveau lors de cette \u00e9preuve\u00bb, explique-t-on. La 3e place est revenue \u00e0 Tinehinane Bouma\u00e2za du MB B\u00e9ja\u00efa avec un temps de 1h56.41. Cependant, avec 1h40.38 Ghezlani a r\u00e9alis\u00e9 les minima de participation aux Jeux africains fix\u00e9s \u00e0 1h41.00. Pour les hommes, le titre est revenu \u00e0 Mohamed Ameur de l\u2019ASSN en 1h29.24 devant Mohamed El Meddour du GS P\u00e9troliers en 1h31.02 et Hichem Medjber du CA Baraki en 1h37.30, soit des performances loin des minima des JA fix\u00e9s \u00e0 1h25.30.<br \/>Ah. A.<br \/>\u00a0<\/p>\n<p>Auteur:<br \/>\n<a href=\"https:\/\/www.lesoirdalgerie.com\/sports\/bouraada-fait-limpasse-sur-les-mondiaux-de-doha-27657\">Cliquez ici pour lire l&rsquo;article depuis sa source.<\/a><\/p>\n","protected":false},"excerpt":{"rendered":"<p>L\u2019international alg\u00e9rien, Larbi Boura\u00e2da, a d\u00e9cid\u00e9 de faire l\u2019impasse sur les Championnats du monde d\u2019athl\u00e9tisme de Doha (28 septembre &#8211; 6 octobre 2019), mais sera pr\u00e9sent aux Jeux Africains de Rabat en ao\u00fbt prochain.\u00a0\u00abJe ne suis pas pr\u00eat pour aller aux Mondiaux car je commence \u00e0 revenir petit \u00e0 petit \u00e0 ma forme, mais je [&hellip;]<\/p>\n","protected":false},"author":1741,"featured_media":0,"comment_status":"closed","ping_status":"closed","sticky":false,"template":"","format":"standard","meta":{"fifu_image_url":"","fifu_image_alt":"","footnotes":""},"categories":[73,53],"tags":[],"class_list":["post-48909","post","type-post","status-publish","format-standard","hentry","category-actualite","category-algerie"],"_links":{"self":[{"href":"https:\/\/linitiative.ca\/International\/wp-json\/wp\/v2\/posts\/48909","targetHints":{"allow":["GET"]}}],"collection":[{"href":"https:\/\/linitiative.ca\/International\/wp-json\/wp\/v2\/posts"}],"about":[{"href":"https:\/\/linitiative.ca\/International\/wp-json\/wp\/v2\/types\/post"}],"author":[{"embeddable":true,"href":"https:\/\/linitiative.ca\/International\/wp-json\/wp\/v2\/users\/1741"}],"replies":[{"embeddable":true,"href":"https:\/\/linitiative.ca\/International\/wp-json\/wp\/v2\/comments?post=48909"}],"version-history":[{"count":0,"href":"https:\/\/linitiative.ca\/International\/wp-json\/wp\/v2\/posts\/48909\/revisions"}],"wp:attachment":[{"href":"https:\/\/linitiative.ca\/International\/wp-json\/wp\/v2\/media?parent=48909"}],"wp:term":[{"taxonomy":"category","embeddable":true,"href":"https:\/\/linitiative.ca\/International\/wp-json\/wp\/v2\/categories?post=48909"},{"taxonomy":"post_tag","embeddable":true,"href":"https:\/\/linitiative.ca\/International\/wp-json\/wp\/v2\/tags?post=48909"}],"curies":[{"name":"wp","href":"https:\/\/api.w.org\/{rel}","templated":true}]}}