{"id":48910,"date":"2019-07-27T06:00:00","date_gmt":"2019-07-27T10:00:00","guid":{"rendered":"https:\/\/linitiative.ca\/International\/hacene-bencheikh-ancien-portier-de-lescadron-noir-tire-sa-reverence\/"},"modified":"2019-07-27T06:00:00","modified_gmt":"2019-07-27T10:00:00","slug":"hacene-bencheikh-ancien-portier-de-lescadron-noir-tire-sa-reverence","status":"publish","type":"post","link":"https:\/\/linitiative.ca\/International\/hacene-bencheikh-ancien-portier-de-lescadron-noir-tire-sa-reverence\/","title":{"rendered":"Hac\u00e8ne Bencheikh, ancien portier de l&rsquo;Escadron noir tire sa r\u00e9v\u00e9rence"},"content":{"rendered":"<p>Le gardien de but Hac\u00e8ne Bencheikh est mort ce jeudi \u00e0 l&rsquo;\u00e2ge de 59 ans, a appris Le Soir d&rsquo;Alg\u00e9rie. La famille de l&rsquo;escadron noir est en deuil. Hac\u00e8ne est mort presque dans une pr\u00e9carit\u00e9 sociale, dans une demeure modeste, \u00e0 la cit\u00e9 A\u00efn Defla, sur les hauteurs de Guelma. A un moment de l\u2019histoire de l&rsquo;esp\u00e9rance sportive de Guelma, au d\u00e9but des ann\u00e9es 1960, cette \u00e9quipe glorieuse avait deux gardiens de but qui auront marqu\u00e9 cette \u00e9poque : le regrett\u00e9 Abdelhamid Belhaou\u00e8s et Ahmed Amira. Et puis plusieurs portiers se sont relay\u00e9s dans cette grande \u00e9cole: feu Hamid Athamnia, Kamel Ghaffar, et feu Hachemi Meridi et Hac\u00e8ne Bencheikh. N&rsquo;e\u00fbt \u00e9t\u00e9 sa modeste retraite, en qualit\u00e9 d&rsquo;agent dans une administration publique, le regrett\u00e9 aurait fini sa vie dans la mis\u00e8re, selon ses proches.\u00a0 Simple et r\u00e9serv\u00e9, Hac\u00e8ne Bencheikh avait v\u00e9cu ces derniers mois des moments tr\u00e8s durs en raison de sa maladie, et cela en d\u00e9pit des actions de soutien, initi\u00e9es par le wali et le DJS de Guelma. \u00abHac\u00e8ne restera un grand gardien de but qui avait repr\u00e9sent\u00e9 dignement l&rsquo;escadron noir\u00bb, estiment les mordus de ce grand club.\u00a0<br \/>Noureddine Guergour\u00a0<\/p>\n<p>Auteur:<br \/>\n<a href=\"https:\/\/www.lesoirdalgerie.com\/sports\/hacene-bencheikh-ancien-portier-de-lescadron-noir-tire-sa-reverence-27656\">Cliquez ici pour lire l&rsquo;article depuis sa source.<\/a><\/p>\n","protected":false},"excerpt":{"rendered":"<p>Le gardien de but Hac\u00e8ne Bencheikh est mort ce jeudi \u00e0 l&rsquo;\u00e2ge de 59 ans, a appris Le Soir d&rsquo;Alg\u00e9rie. La famille de l&rsquo;escadron noir est en deuil. Hac\u00e8ne est mort presque dans une pr\u00e9carit\u00e9 sociale, dans une demeure modeste, \u00e0 la cit\u00e9 A\u00efn Defla, sur les hauteurs de Guelma. A un moment de l\u2019histoire [&hellip;]<\/p>\n","protected":false},"author":1741,"featured_media":0,"comment_status":"closed","ping_status":"closed","sticky":false,"template":"","format":"standard","meta":{"fifu_image_url":"","fifu_image_alt":"","footnotes":""},"categories":[73,53],"tags":[],"class_list":["post-48910","post","type-post","status-publish","format-standard","hentry","category-actualite","category-algerie"],"_links":{"self":[{"href":"https:\/\/linitiative.ca\/International\/wp-json\/wp\/v2\/posts\/48910","targetHints":{"allow":["GET"]}}],"collection":[{"href":"https:\/\/linitiative.ca\/International\/wp-json\/wp\/v2\/posts"}],"about":[{"href":"https:\/\/linitiative.ca\/International\/wp-json\/wp\/v2\/types\/post"}],"author":[{"embeddable":true,"href":"https:\/\/linitiative.ca\/International\/wp-json\/wp\/v2\/users\/1741"}],"replies":[{"embeddable":true,"href":"https:\/\/linitiative.ca\/International\/wp-json\/wp\/v2\/comments?post=48910"}],"version-history":[{"count":0,"href":"https:\/\/linitiative.ca\/International\/wp-json\/wp\/v2\/posts\/48910\/revisions"}],"wp:attachment":[{"href":"https:\/\/linitiative.ca\/International\/wp-json\/wp\/v2\/media?parent=48910"}],"wp:term":[{"taxonomy":"category","embeddable":true,"href":"https:\/\/linitiative.ca\/International\/wp-json\/wp\/v2\/categories?post=48910"},{"taxonomy":"post_tag","embeddable":true,"href":"https:\/\/linitiative.ca\/International\/wp-json\/wp\/v2\/tags?post=48910"}],"curies":[{"name":"wp","href":"https:\/\/api.w.org\/{rel}","templated":true}]}}