{"id":48911,"date":"2019-07-27T06:00:00","date_gmt":"2019-07-27T10:00:00","guid":{"rendered":"https:\/\/linitiative.ca\/International\/le-club-pret-a-se-separer-de-philippe-coutinho\/"},"modified":"2019-07-27T06:00:00","modified_gmt":"2019-07-27T10:00:00","slug":"le-club-pret-a-se-separer-de-philippe-coutinho","status":"publish","type":"post","link":"https:\/\/linitiative.ca\/International\/le-club-pret-a-se-separer-de-philippe-coutinho\/","title":{"rendered":"Le club pr\u00eat \u00e0 se s\u00e9parer de Philippe Coutinho"},"content":{"rendered":"<p>Avis aux clubs int\u00e9ress\u00e9s, le FC Barcelone aurait fix\u00e9 le prix de Philippe Coutinho. Selon Mundo Deportivo, les dirigeants blaugranas seraient pr\u00eats \u00e0 se s\u00e9parer de leur milieu offensif de 27 ans, mais demanderaient 120 millions pour le laisser partir.\u00a0<br \/>Le Br\u00e9silien \u00e9tait arriv\u00e9 en Catalogne pour la m\u00eame somme en janvier 2018 en provenance de Liverpool, plus 40 millions d\u2019euros de bonus \u00e9ventuels. D\u2019apr\u00e8s le quotidien catalan, le Bar\u00e7a a jusqu\u2019\u00e0 pr\u00e9sent r\u00e9cup\u00e9r\u00e9 15 millions d\u2019euros de bonus. Sous contrat jusqu\u2019en 2023, Coutinho reste sur une saison en demi-teinte avec cinq buts inscrits et deux passes d\u00e9cisives distill\u00e9es en Liga. Confront\u00e9 notamment \u00e0 la concurrence d\u2019Ousmane Demb\u00e9l\u00e9, il n\u2019a pas encore r\u00e9ussi \u00e0 retrouver son meilleur niveau, ni \u00e0 s\u2019installer durablement dans le onze de d\u00e9part d\u2019Ernesto Valverde. Son nom a r\u00e9guli\u00e8rement \u00e9t\u00e9 cit\u00e9 par la presse espagnole comme possible monnaie d\u2019\u00e9change dans un deal avec le PSG pour Neymar. Il serait \u00e9galement courtis\u00e9 par Manchester City et Manchester United.\u00a0<\/p>\n<p><strong>Son agent en col\u00e8re contre le double-discours du Bar\u00e7a<\/strong><br \/>Son agent, Kia Joorabchian, avait fait le point sur sa situation le 13 juillet dernier aupr\u00e8s de RMC Sport. \u00abComme je vous ai dit la derni\u00e8re fois, Pep Segura (directeur du football du Bar\u00e7a) m&rsquo;a dit que Coutinho n&rsquo;\u00e9tait pas disponible pour un d\u00e9part de Barcelone. Josep Bartomeu (pr\u00e9sident du Bar\u00e7a) m&rsquo;a dit la m\u00eame chose la semaine derni\u00e8re \u00e0 Barcelone. Le pr\u00e9sident a \u00e9t\u00e9 clair: il n&rsquo;avait aucune intention de vendre le joueur, \u00e0 n&rsquo;importe quel club. Avec ce discours, nous avons choisi de ne pas regarder le march\u00e9 pour notre joueur, par respect pour la d\u00e9cision de Barcelone de le garder. Nous n&rsquo;avons donc pas propos\u00e9 le joueur \u00e0 d&rsquo;autres clubs. Mais j&rsquo;ai appris et c&rsquo;est un fait, qu&rsquo;Andr\u00e9 Cury (recruteur de Barcelone pour l&rsquo;Am\u00e9rique du Sud) tient un discours totalement diff\u00e9rent. Andr\u00e9 Cury pousse pour que Coutinho soit inclus dans le transfert de Neymar avec le PSG\u00bb, avait-il expliqu\u00e9.<\/p>\n<p>Auteur:<br \/>\n<a href=\"https:\/\/www.lesoirdalgerie.com\/sports\/le-club-pret-a-se-separer-de-philippe-coutinho-27655\">Cliquez ici pour lire l&rsquo;article depuis sa source.<\/a><\/p>\n","protected":false},"excerpt":{"rendered":"<p>Avis aux clubs int\u00e9ress\u00e9s, le FC Barcelone aurait fix\u00e9 le prix de Philippe Coutinho. Selon Mundo Deportivo, les dirigeants blaugranas seraient pr\u00eats \u00e0 se s\u00e9parer de leur milieu offensif de 27 ans, mais demanderaient 120 millions pour le laisser partir.\u00a0Le Br\u00e9silien \u00e9tait arriv\u00e9 en Catalogne pour la m\u00eame somme en janvier 2018 en provenance de [&hellip;]<\/p>\n","protected":false},"author":1741,"featured_media":0,"comment_status":"closed","ping_status":"closed","sticky":false,"template":"","format":"standard","meta":{"fifu_image_url":"","fifu_image_alt":"","footnotes":""},"categories":[73,53],"tags":[],"class_list":["post-48911","post","type-post","status-publish","format-standard","hentry","category-actualite","category-algerie"],"_links":{"self":[{"href":"https:\/\/linitiative.ca\/International\/wp-json\/wp\/v2\/posts\/48911","targetHints":{"allow":["GET"]}}],"collection":[{"href":"https:\/\/linitiative.ca\/International\/wp-json\/wp\/v2\/posts"}],"about":[{"href":"https:\/\/linitiative.ca\/International\/wp-json\/wp\/v2\/types\/post"}],"author":[{"embeddable":true,"href":"https:\/\/linitiative.ca\/International\/wp-json\/wp\/v2\/users\/1741"}],"replies":[{"embeddable":true,"href":"https:\/\/linitiative.ca\/International\/wp-json\/wp\/v2\/comments?post=48911"}],"version-history":[{"count":0,"href":"https:\/\/linitiative.ca\/International\/wp-json\/wp\/v2\/posts\/48911\/revisions"}],"wp:attachment":[{"href":"https:\/\/linitiative.ca\/International\/wp-json\/wp\/v2\/media?parent=48911"}],"wp:term":[{"taxonomy":"category","embeddable":true,"href":"https:\/\/linitiative.ca\/International\/wp-json\/wp\/v2\/categories?post=48911"},{"taxonomy":"post_tag","embeddable":true,"href":"https:\/\/linitiative.ca\/International\/wp-json\/wp\/v2\/tags?post=48911"}],"curies":[{"name":"wp","href":"https:\/\/api.w.org\/{rel}","templated":true}]}}