{"id":48912,"date":"2019-07-27T06:00:00","date_gmt":"2019-07-27T10:00:00","guid":{"rendered":"https:\/\/linitiative.ca\/International\/les-reds-achevent-leur-tournee-americaine-sans-aucun-match-gagne\/"},"modified":"2019-07-27T06:00:00","modified_gmt":"2019-07-27T10:00:00","slug":"les-reds-achevent-leur-tournee-americaine-sans-aucun-match-gagne","status":"publish","type":"post","link":"https:\/\/linitiative.ca\/International\/les-reds-achevent-leur-tournee-americaine-sans-aucun-match-gagne\/","title":{"rendered":"Les Reds ach\u00e8vent leur tourn\u00e9e am\u00e9ricaine sans aucun match gagn\u00e9"},"content":{"rendered":"<p>Liverpool a boucl\u00e9 sa premi\u00e8re tourn\u00e9e en Am\u00e9rique depuis son triomphe en Ligue des champions, sans aucun match gagn\u00e9, et s&rsquo;est content\u00e9 d&rsquo;un match nul 2-2, mercredi contre le Sporting Lisbonne \u00e0 Washington, 1re \u00e9tape dans sa pr\u00e9paration pour la Premier League. Mercredi face au Sporting Lisbonne, l&rsquo;\u00e9quipe de J\u00fcrgen Klopp \u00e9tait men\u00e9e d\u00e8s la 4e minute, suite \u00e0 la r\u00e9alisation de la star du Sporting, le milieu Bruno Fernandes, apr\u00e8s une faute de main du portier belge Simon Mignolet, suppl\u00e9ant du titulaire habituel, le Br\u00e9silien Alisson. Divock Origi (20e) et Georginio Wijnaldum (44e) ont ensuite r\u00e9pliqu\u00e9 pour les \u00abReds\u00bb. Le Br\u00e9silien Wendel a \u00e9galis\u00e9 en deuxi\u00e8me p\u00e9riode \u00e0 la 53e minute, sur une passe d\u00e9cisive de l&rsquo;in\u00e9vitable Bruno Fernandes. Liverpool s&rsquo;\u00e9tait inclin\u00e9 3-2 contre le Borussia Dortmund vendredi \u00e0 Boston puis 2-1 contre le FC S\u00e9ville dimanche dans l&rsquo;Indiana. Recrut\u00e9 cet \u00e9t\u00e9 en provenance du PEC Zwolle, le d\u00e9fenseur n\u00e9erlandais de 17 ans, Sepp van den Berg a fait ses d\u00e9buts pour les \u00abReds\u00bb \u00e0 la 89e minute du match disput\u00e9 au Yankee Stadium. Apr\u00e8s sa tourn\u00e9e am\u00e9ricaine, Liverpool ira en Ecosse et affrontera Naples \u00e0 Edimbourg, ce dimanche, puis partira pour un camp d&rsquo;entra\u00eenement en France \u00e0 Evian. Un amical contre Lyon est pr\u00e9vu \u00e0 Gen\u00e8ve le 31 juillet avant le Community Shield face \u00e0 Manchester City le 4 ao\u00fbt \u00e0 Wembley.\u00a0<\/p>\n<p>Auteur:<br \/>\n<a href=\"https:\/\/www.lesoirdalgerie.com\/sports\/les-reds-achevent-leur-tournee-americaine-sans-aucun-match-gagne-27654\">Cliquez ici pour lire l&rsquo;article depuis sa source.<\/a><\/p>\n","protected":false},"excerpt":{"rendered":"<p>Liverpool a boucl\u00e9 sa premi\u00e8re tourn\u00e9e en Am\u00e9rique depuis son triomphe en Ligue des champions, sans aucun match gagn\u00e9, et s&rsquo;est content\u00e9 d&rsquo;un match nul 2-2, mercredi contre le Sporting Lisbonne \u00e0 Washington, 1re \u00e9tape dans sa pr\u00e9paration pour la Premier League. Mercredi face au Sporting Lisbonne, l&rsquo;\u00e9quipe de J\u00fcrgen Klopp \u00e9tait men\u00e9e d\u00e8s la [&hellip;]<\/p>\n","protected":false},"author":1741,"featured_media":0,"comment_status":"closed","ping_status":"closed","sticky":false,"template":"","format":"standard","meta":{"fifu_image_url":"","fifu_image_alt":"","footnotes":""},"categories":[73,53],"tags":[],"class_list":["post-48912","post","type-post","status-publish","format-standard","hentry","category-actualite","category-algerie"],"_links":{"self":[{"href":"https:\/\/linitiative.ca\/International\/wp-json\/wp\/v2\/posts\/48912","targetHints":{"allow":["GET"]}}],"collection":[{"href":"https:\/\/linitiative.ca\/International\/wp-json\/wp\/v2\/posts"}],"about":[{"href":"https:\/\/linitiative.ca\/International\/wp-json\/wp\/v2\/types\/post"}],"author":[{"embeddable":true,"href":"https:\/\/linitiative.ca\/International\/wp-json\/wp\/v2\/users\/1741"}],"replies":[{"embeddable":true,"href":"https:\/\/linitiative.ca\/International\/wp-json\/wp\/v2\/comments?post=48912"}],"version-history":[{"count":0,"href":"https:\/\/linitiative.ca\/International\/wp-json\/wp\/v2\/posts\/48912\/revisions"}],"wp:attachment":[{"href":"https:\/\/linitiative.ca\/International\/wp-json\/wp\/v2\/media?parent=48912"}],"wp:term":[{"taxonomy":"category","embeddable":true,"href":"https:\/\/linitiative.ca\/International\/wp-json\/wp\/v2\/categories?post=48912"},{"taxonomy":"post_tag","embeddable":true,"href":"https:\/\/linitiative.ca\/International\/wp-json\/wp\/v2\/tags?post=48912"}],"curies":[{"name":"wp","href":"https:\/\/api.w.org\/{rel}","templated":true}]}}