{"id":48913,"date":"2019-07-27T06:00:00","date_gmt":"2019-07-27T10:00:00","guid":{"rendered":"https:\/\/linitiative.ca\/International\/le-mercato-en-bref\/"},"modified":"2019-07-27T06:00:00","modified_gmt":"2019-07-27T10:00:00","slug":"le-mercato-en-bref","status":"publish","type":"post","link":"https:\/\/linitiative.ca\/International\/le-mercato-en-bref\/","title":{"rendered":"Le mercato en bref\u2026"},"content":{"rendered":"<p><strong>Manchester United viserait Moussa Demb\u00e9l\u00e9\u2026<\/strong><br \/>Comme l&rsquo;annon\u00e7ait Sky Sports jeudi, Manchester United aurait cibl\u00e9 l&rsquo;attaquant de Lyon, Moussa Demb\u00e9l\u00e9 (23 ans) en cas de d\u00e9part de Romelu Lukaku. Plusieurs m\u00e9dias anglais reprennent cette rumeur ce vendredi matin.<\/p>\n<p><strong>\u2026 Serait int\u00e9ress\u00e9 par Rakitic<\/strong><br \/>D\u00e9sireux de rester au FC Barcelone, Ivan Rakitic doit s&rsquo;attendre \u00e0 moins jouer, comme l&rsquo;a annonc\u00e9 son entra\u00eeneur, Ernesto Valverde. Une situation compliqu\u00e9e pour le Croate qui aurait, selon The Sun, un courtisan en Angleterre: Manchester United.<\/p>\n<p><strong>Inter Milan : la longue liste des joueurs sur le d\u00e9part\u00a0<\/strong><br \/>Si l&rsquo;Inter cible Dzeko, Lukaku ou Vidal, le club est aussi engag\u00e9 dans une vaste op\u00e9ration d\u00e9graissage. Selon la Gazzetta, le club lombard souhaite se s\u00e9parer de Mauro Icardi, Ivan Perisic et Radja Nainggolan. Dalbert, Joao Mario, Borja Valero, Colidio, Puscas et Longo ont \u00e9galement un bon de sortie alors que Miranda devrait prochainement rejoindre la Chine (Jiangsu).<\/p>\n<p><strong>Fin de l&rsquo;histoire entre Segura et le Bar\u00e7a\u00a0<\/strong><br \/>Comme c&rsquo;\u00e9tait pressenti, le FC Barcelone annonce sur son site internet le d\u00e9part de Pep Segura ce vendredi. L&rsquo;Espagnol \u00e9tait directeur du football au sein du club catalan depuis 2015. Sport avait r\u00e9v\u00e9l\u00e9 l&rsquo;information il y a quelques semaines et laissait entendre qu&rsquo;Eric Abidal pourrait prendre sa succession.<\/p>\n<p><strong>Daniele De Rossi \u00e0 Buenos Aires pour rejoindre Boca Juniors<\/strong><br \/>Le footballeur italien Daniele De Rossi, champion du monde lors du Mondial-2006 en Allemagne, est arriv\u00e9 t\u00f4t ce jeudi \u00e0 Buenos Aires pour rejoindre le club de Boca Juniors qui le pr\u00e9sentera officiellement vendredi. Le milieu de terrain d\u00e9fensif de 36 ans a \u00e9t\u00e9 accueilli par un bain de foule des supporters de Boca \u00e0 sa descente de l&rsquo;avion.\u00a0<br \/>Il doit passer sa visite m\u00e9dicale dans l&rsquo;apr\u00e8s-midi avant de signer son contrat et de rencontrer ses co\u00e9quipiers. Son arriv\u00e9e \u00abva nous apporter de l&rsquo;exp\u00e9rience et de la structure\u00bb, a comment\u00e9 l&rsquo;entra\u00eeneur de Boca, Gustavo Alfaro. Selon la Gazzetta dello Sport, il pourrait jouer au moins jusqu&rsquo;en janvier avec le club de Buenos Aires, avec pour but de l&rsquo;aider \u00e0 remporter la Copa Libertadores. Boca s&rsquo;\u00e9tait inclin\u00e9 l&rsquo;an pass\u00e9 en finale de la prestigieuse \u00e9preuve sud-am\u00e9ricaine face \u00e0 River Plate, le club rival de Buenos Aires. De Rossi a jou\u00e9 avec la Roma pendant 18 saisons au cours desquelles il a jou\u00e9 616 matchs.<\/p>\n<p><strong>Le Camerounais Njie signe au Dynamo Moscou<\/strong><br \/>L&rsquo;attaquant camerounais de l&rsquo;Olympique de Marseille, Clinton Njie, a sign\u00e9 un contrat de quatre ans au Dynamo Moscou, a annonc\u00e9 le club russe. \u00abClinton Njie au Dynamo !!! Aujourd&rsquo;hui, l&rsquo;attaquant de la s\u00e9lection du Cameroun a sign\u00e9 un contrat avec notre club pour quatre ans\u00bb, a \u00e9crit le Dynamo Moscou sur son compte Twitter, ajoutant qu&rsquo;il portera le num\u00e9ro neuf et souhaitant en fran\u00e7ais \u00abbienvenue\u00bb \u00e0 l&rsquo;international camerounais.\u00a0<br \/>Le montant du transfert n&rsquo;a pas \u00e9t\u00e9 pr\u00e9cis\u00e9. Le joueur \u00e2g\u00e9 de 25 ans a \u00e9t\u00e9 form\u00e9 par l&rsquo;Olympique Lyonnais. Apr\u00e8s un passage infructueux \u00e0 Tottenham, il avait rejoint Marseille en 2016.\u00a0<\/p>\n<p>Auteur:<br \/>\n<a href=\"https:\/\/www.lesoirdalgerie.com\/sports\/le-mercato-en-bref-27652\">Cliquez ici pour lire l&rsquo;article depuis sa source.<\/a><\/p>\n","protected":false},"excerpt":{"rendered":"<p>Manchester United viserait Moussa Demb\u00e9l\u00e9\u2026Comme l&rsquo;annon\u00e7ait Sky Sports jeudi, Manchester United aurait cibl\u00e9 l&rsquo;attaquant de Lyon, Moussa Demb\u00e9l\u00e9 (23 ans) en cas de d\u00e9part de Romelu Lukaku. Plusieurs m\u00e9dias anglais reprennent cette rumeur ce vendredi matin. \u2026 Serait int\u00e9ress\u00e9 par RakiticD\u00e9sireux de rester au FC Barcelone, Ivan Rakitic doit s&rsquo;attendre \u00e0 moins jouer, comme l&rsquo;a [&hellip;]<\/p>\n","protected":false},"author":1741,"featured_media":0,"comment_status":"closed","ping_status":"closed","sticky":false,"template":"","format":"standard","meta":{"fifu_image_url":"","fifu_image_alt":"","footnotes":""},"categories":[73,53],"tags":[],"class_list":["post-48913","post","type-post","status-publish","format-standard","hentry","category-actualite","category-algerie"],"_links":{"self":[{"href":"https:\/\/linitiative.ca\/International\/wp-json\/wp\/v2\/posts\/48913","targetHints":{"allow":["GET"]}}],"collection":[{"href":"https:\/\/linitiative.ca\/International\/wp-json\/wp\/v2\/posts"}],"about":[{"href":"https:\/\/linitiative.ca\/International\/wp-json\/wp\/v2\/types\/post"}],"author":[{"embeddable":true,"href":"https:\/\/linitiative.ca\/International\/wp-json\/wp\/v2\/users\/1741"}],"replies":[{"embeddable":true,"href":"https:\/\/linitiative.ca\/International\/wp-json\/wp\/v2\/comments?post=48913"}],"version-history":[{"count":0,"href":"https:\/\/linitiative.ca\/International\/wp-json\/wp\/v2\/posts\/48913\/revisions"}],"wp:attachment":[{"href":"https:\/\/linitiative.ca\/International\/wp-json\/wp\/v2\/media?parent=48913"}],"wp:term":[{"taxonomy":"category","embeddable":true,"href":"https:\/\/linitiative.ca\/International\/wp-json\/wp\/v2\/categories?post=48913"},{"taxonomy":"post_tag","embeddable":true,"href":"https:\/\/linitiative.ca\/International\/wp-json\/wp\/v2\/tags?post=48913"}],"curies":[{"name":"wp","href":"https:\/\/api.w.org\/{rel}","templated":true}]}}