{"id":48914,"date":"2019-07-27T06:00:00","date_gmt":"2019-07-27T10:00:00","guid":{"rendered":"https:\/\/linitiative.ca\/International\/zidane-ne-veut-pas-voir-james-rodriguez-a-valdebebas\/"},"modified":"2019-07-27T06:00:00","modified_gmt":"2019-07-27T10:00:00","slug":"zidane-ne-veut-pas-voir-james-rodriguez-a-valdebebas","status":"publish","type":"post","link":"https:\/\/linitiative.ca\/International\/zidane-ne-veut-pas-voir-james-rodriguez-a-valdebebas\/","title":{"rendered":"Zidane ne veut pas voir James Rodriguez \u00e0 Valdebebas"},"content":{"rendered":"<p>Actuellement aux \u00c9tats-Unis pour disputer l\u2019International Champions Cup, Zin\u00e9dine Zidane et le Real Madrid n\u2019ont pas vraiment la t\u00eate au terrain. Les r\u00e9sultats contrast\u00e9s face au Bayern Munich (1-3) et Arsenal (2-2, 3-2 t.a.b) en attestent.\u00a0<br \/>Et pour cause, apr\u00e8s avoir d\u00e9pens\u00e9 sans compter pour acheter Eden Hazard et compagnie, la Maison Blanche a besoin de vendre quelques noms ronflants. Celui de Gareth Bale accapare toute l\u2019attention, mais celui de James Rodriguez fait aussi grincer des dents. Car si Zidane veut arracher Paul Pogba \u00e0 Manchester United avant la fin du mercato anglais, d\u00e9but ao\u00fbt, il devra r\u00e9ussir \u00e0 vendre Bale auparavant, mais \u00e9galement le Colombien. D\u2019apr\u00e8s El Confidencial, le milieu offensif aurait d\u2019ores et d\u00e9j\u00e0 averti sa direction : il souhaite rejoindre l\u2019Atl\u00e9tico de Madrid pour \u00e9voluer sous les ordres de Diego Simeone. Et cela tombe bien, puisque ZZ ne veut plus le voir !\u00a0<\/p>\n<p><strong>James ne r\u00eave que de l\u2019Atl\u00e9tico de Madrid<\/strong><br \/>Selon nos confr\u00e8res espagnols, le technicien tricolore a \u00e9t\u00e9 tr\u00e8s clair avec James : lorsque l\u2019\u00e9quipe madril\u00e8ne reviendra \u00e0 Valdebebas, le centre d\u2019entra\u00eenement du Real, apr\u00e8s l\u2019International Champions Cup, le Colombien ferait mieux de ne pas \u00eatre l\u00e0. Zidane doit d\u00e9j\u00e0 composer avec l\u2019\u00e9pineux cas Bale, et il ne veut pas s\u2019embarrasser d\u2019un second \u00abboulet\u00bb lors de son retour dans la capitale. \u00c0 lui de trouver un club avant la fin du mois de juillet, donc. Comme expliqu\u00e9 ci-dessus, James ne veut rien d\u2019autre que Madrid : soit l\u2019Atl\u00e9tico, soit rester encore au Real, o\u00f9 il est sous contrat jusqu\u2019en 2021. Et les Colchoneros le veulent \u00e9galement, mais ils ne souhaitent pas se presser. La Casa Blanca se trouve dans une situation d\u2019urgence pour vendre, et les Rojiblancos comptent bien en profiter pour n\u00e9gocier au rabais. Autant de contrari\u00e9t\u00e9s dont Zidane aurait pr\u00e9f\u00e9r\u00e9 ne pas avoir \u00e0 s\u2019occuper\u2026<\/p>\n<p>Auteur:<br \/>\n<a href=\"https:\/\/www.lesoirdalgerie.com\/sports\/zidane-ne-veut-pas-voir-james-rodriguez-a-valdebebas-27651\">Cliquez ici pour lire l&rsquo;article depuis sa source.<\/a><\/p>\n","protected":false},"excerpt":{"rendered":"<p>Actuellement aux \u00c9tats-Unis pour disputer l\u2019International Champions Cup, Zin\u00e9dine Zidane et le Real Madrid n\u2019ont pas vraiment la t\u00eate au terrain. Les r\u00e9sultats contrast\u00e9s face au Bayern Munich (1-3) et Arsenal (2-2, 3-2 t.a.b) en attestent.\u00a0Et pour cause, apr\u00e8s avoir d\u00e9pens\u00e9 sans compter pour acheter Eden Hazard et compagnie, la Maison Blanche a besoin de [&hellip;]<\/p>\n","protected":false},"author":1741,"featured_media":0,"comment_status":"closed","ping_status":"closed","sticky":false,"template":"","format":"standard","meta":{"fifu_image_url":"","fifu_image_alt":"","footnotes":""},"categories":[73,53],"tags":[],"class_list":["post-48914","post","type-post","status-publish","format-standard","hentry","category-actualite","category-algerie"],"_links":{"self":[{"href":"https:\/\/linitiative.ca\/International\/wp-json\/wp\/v2\/posts\/48914","targetHints":{"allow":["GET"]}}],"collection":[{"href":"https:\/\/linitiative.ca\/International\/wp-json\/wp\/v2\/posts"}],"about":[{"href":"https:\/\/linitiative.ca\/International\/wp-json\/wp\/v2\/types\/post"}],"author":[{"embeddable":true,"href":"https:\/\/linitiative.ca\/International\/wp-json\/wp\/v2\/users\/1741"}],"replies":[{"embeddable":true,"href":"https:\/\/linitiative.ca\/International\/wp-json\/wp\/v2\/comments?post=48914"}],"version-history":[{"count":0,"href":"https:\/\/linitiative.ca\/International\/wp-json\/wp\/v2\/posts\/48914\/revisions"}],"wp:attachment":[{"href":"https:\/\/linitiative.ca\/International\/wp-json\/wp\/v2\/media?parent=48914"}],"wp:term":[{"taxonomy":"category","embeddable":true,"href":"https:\/\/linitiative.ca\/International\/wp-json\/wp\/v2\/categories?post=48914"},{"taxonomy":"post_tag","embeddable":true,"href":"https:\/\/linitiative.ca\/International\/wp-json\/wp\/v2\/tags?post=48914"}],"curies":[{"name":"wp","href":"https:\/\/api.w.org\/{rel}","templated":true}]}}