{"id":48915,"date":"2019-07-27T06:00:00","date_gmt":"2019-07-27T10:00:00","guid":{"rendered":"https:\/\/linitiative.ca\/International\/programme-de-laudit-des-stades\/"},"modified":"2019-07-27T06:00:00","modified_gmt":"2019-07-27T10:00:00","slug":"programme-de-laudit-des-stades","status":"publish","type":"post","link":"https:\/\/linitiative.ca\/International\/programme-de-laudit-des-stades\/","title":{"rendered":"Programme de l\u2019audit des stades"},"content":{"rendered":"<p>La Ligue de football professionnel (LFP) publie le planning de passage des sous-commissions d\u2019\u00e9valuation technique des stades. L\u2019op\u00e9ration, qui se d\u00e9roulera du 28 juillet au 1er ao\u00fbt, fera l\u2019impasse sur six stades, \u00e0 programmer ult\u00e9rieurement \u00e0 savoir celui d\u2019El-Harrach (1er-Novembre), Annaba (19-Mai), Bordj Bou-Arr\u00e9ridj (20-Ao\u00fbt), Bou-Sa\u00e2da, Magra et A\u00efn M\u2019lila. Lors de son premier rapport, du 25 juin dernier, la LFP avait relev\u00e9 que 14 stades (Ligues 1 et 2) ne r\u00e9pondaient pas aux normes d\u2019homologation pour accueillir les matchs des championnats des Ligues 1 et 2.\u00a0<br \/>Ah. A.<\/p>\n<p>Auteur:<br \/>\n<a href=\"https:\/\/www.lesoirdalgerie.com\/sports\/programme-de-laudit-des-stades-27650\">Cliquez ici pour lire l&rsquo;article depuis sa source.<\/a><\/p>\n","protected":false},"excerpt":{"rendered":"<p>La Ligue de football professionnel (LFP) publie le planning de passage des sous-commissions d\u2019\u00e9valuation technique des stades. L\u2019op\u00e9ration, qui se d\u00e9roulera du 28 juillet au 1er ao\u00fbt, fera l\u2019impasse sur six stades, \u00e0 programmer ult\u00e9rieurement \u00e0 savoir celui d\u2019El-Harrach (1er-Novembre), Annaba (19-Mai), Bordj Bou-Arr\u00e9ridj (20-Ao\u00fbt), Bou-Sa\u00e2da, Magra et A\u00efn M\u2019lila. Lors de son premier rapport, [&hellip;]<\/p>\n","protected":false},"author":1741,"featured_media":0,"comment_status":"closed","ping_status":"closed","sticky":false,"template":"","format":"standard","meta":{"fifu_image_url":"","fifu_image_alt":"","footnotes":""},"categories":[73,53],"tags":[],"class_list":["post-48915","post","type-post","status-publish","format-standard","hentry","category-actualite","category-algerie"],"_links":{"self":[{"href":"https:\/\/linitiative.ca\/International\/wp-json\/wp\/v2\/posts\/48915","targetHints":{"allow":["GET"]}}],"collection":[{"href":"https:\/\/linitiative.ca\/International\/wp-json\/wp\/v2\/posts"}],"about":[{"href":"https:\/\/linitiative.ca\/International\/wp-json\/wp\/v2\/types\/post"}],"author":[{"embeddable":true,"href":"https:\/\/linitiative.ca\/International\/wp-json\/wp\/v2\/users\/1741"}],"replies":[{"embeddable":true,"href":"https:\/\/linitiative.ca\/International\/wp-json\/wp\/v2\/comments?post=48915"}],"version-history":[{"count":0,"href":"https:\/\/linitiative.ca\/International\/wp-json\/wp\/v2\/posts\/48915\/revisions"}],"wp:attachment":[{"href":"https:\/\/linitiative.ca\/International\/wp-json\/wp\/v2\/media?parent=48915"}],"wp:term":[{"taxonomy":"category","embeddable":true,"href":"https:\/\/linitiative.ca\/International\/wp-json\/wp\/v2\/categories?post=48915"},{"taxonomy":"post_tag","embeddable":true,"href":"https:\/\/linitiative.ca\/International\/wp-json\/wp\/v2\/tags?post=48915"}],"curies":[{"name":"wp","href":"https:\/\/api.w.org\/{rel}","templated":true}]}}