{"id":48916,"date":"2019-07-27T06:00:00","date_gmt":"2019-07-27T10:00:00","guid":{"rendered":"https:\/\/linitiative.ca\/International\/les-canaris-bouclent-le-stage-devian\/"},"modified":"2019-07-27T06:00:00","modified_gmt":"2019-07-27T10:00:00","slug":"les-canaris-bouclent-le-stage-devian","status":"publish","type":"post","link":"https:\/\/linitiative.ca\/International\/les-canaris-bouclent-le-stage-devian\/","title":{"rendered":"Les Canaris bouclent le stage d\u2019\u00e9vian"},"content":{"rendered":"<p>Apr\u00e8s 17 jours de pr\u00e9paration \u00e0 \u00e9vian, Suisse, les Jaune et Vert de la JS Kabylie ont regagn\u00e9 le pays jeudi, en provenance de Gen\u00e8ve. Durant ce regroupement, les joueurs ont \u00e9t\u00e9 soumis \u00e0 un programme assez dos\u00e9 ponctu\u00e9 par six joutes amicales. Les camarades de Salhi vont devoir se reposer pour quelques jours avant d&rsquo;entamer la derni\u00e8re ligne droite d&rsquo;avant le match face \u00e0 El Merreikh du Soudan comptant pour le 1er tour pr\u00e9liminaire de la Ligue des champions d\u2019Afrique.<br \/>Ah. A.<\/p>\n<p>Auteur:<br \/>\n<a href=\"https:\/\/www.lesoirdalgerie.com\/sports\/les-canaris-bouclent-le-stage-devian-27649\">Cliquez ici pour lire l&rsquo;article depuis sa source.<\/a><\/p>\n","protected":false},"excerpt":{"rendered":"<p>Apr\u00e8s 17 jours de pr\u00e9paration \u00e0 \u00e9vian, Suisse, les Jaune et Vert de la JS Kabylie ont regagn\u00e9 le pays jeudi, en provenance de Gen\u00e8ve. Durant ce regroupement, les joueurs ont \u00e9t\u00e9 soumis \u00e0 un programme assez dos\u00e9 ponctu\u00e9 par six joutes amicales. Les camarades de Salhi vont devoir se reposer pour quelques jours avant [&hellip;]<\/p>\n","protected":false},"author":1741,"featured_media":0,"comment_status":"closed","ping_status":"closed","sticky":false,"template":"","format":"standard","meta":{"fifu_image_url":"","fifu_image_alt":"","footnotes":""},"categories":[73,53],"tags":[],"class_list":["post-48916","post","type-post","status-publish","format-standard","hentry","category-actualite","category-algerie"],"_links":{"self":[{"href":"https:\/\/linitiative.ca\/International\/wp-json\/wp\/v2\/posts\/48916","targetHints":{"allow":["GET"]}}],"collection":[{"href":"https:\/\/linitiative.ca\/International\/wp-json\/wp\/v2\/posts"}],"about":[{"href":"https:\/\/linitiative.ca\/International\/wp-json\/wp\/v2\/types\/post"}],"author":[{"embeddable":true,"href":"https:\/\/linitiative.ca\/International\/wp-json\/wp\/v2\/users\/1741"}],"replies":[{"embeddable":true,"href":"https:\/\/linitiative.ca\/International\/wp-json\/wp\/v2\/comments?post=48916"}],"version-history":[{"count":0,"href":"https:\/\/linitiative.ca\/International\/wp-json\/wp\/v2\/posts\/48916\/revisions"}],"wp:attachment":[{"href":"https:\/\/linitiative.ca\/International\/wp-json\/wp\/v2\/media?parent=48916"}],"wp:term":[{"taxonomy":"category","embeddable":true,"href":"https:\/\/linitiative.ca\/International\/wp-json\/wp\/v2\/categories?post=48916"},{"taxonomy":"post_tag","embeddable":true,"href":"https:\/\/linitiative.ca\/International\/wp-json\/wp\/v2\/tags?post=48916"}],"curies":[{"name":"wp","href":"https:\/\/api.w.org\/{rel}","templated":true}]}}