{"id":48918,"date":"2019-07-27T03:21:55","date_gmt":"2019-07-27T07:21:55","guid":{"rendered":"https:\/\/linitiative.ca\/International\/le-processus-dagrement-des-equipements-dematerialise-des-ce-lundi\/"},"modified":"2019-07-27T03:21:55","modified_gmt":"2019-07-27T07:21:55","slug":"le-processus-dagrement-des-equipements-dematerialise-des-ce-lundi","status":"publish","type":"post","link":"https:\/\/linitiative.ca\/International\/le-processus-dagrement-des-equipements-dematerialise-des-ce-lundi\/","title":{"rendered":"Le processus d\u2019agr\u00e9ment des \u00e9quipements d\u00e9mat\u00e9rialis\u00e9 d\u00e8s ce lundi"},"content":{"rendered":"<p><strong>Les importateurs des \u00e9quipements de t\u00e9l\u00e9communications auront, \u00e0 partir du 29 juillet 2019, la possibilit\u00e9 de traiter, de fa\u00e7on d\u00e9mat\u00e9rialis\u00e9e, leurs demandes d\u2019agr\u00e9ment aupr\u00e8s de l\u2019Agence nationale de r\u00e9glementation des t\u00e9l\u00e9communications (ANRT).<\/strong><\/p>\n<div class=\"c10\"\/>\n<p>Fruit d\u2019un partenariat et d\u2019une collaboration avec le guichet unique national des proc\u00e9dures du commerce ext\u00e9rieur (<strong>PORTNET<\/strong>), l\u2019Agence du d\u00e9veloppement digital (ADD) et l\u2019Agence nationale des ports (ANP), ce processus de d\u00e9mat\u00e9rialisation sera op\u00e9r\u00e9 dans une plateforme d\u2019agr\u00e9ment adapt\u00e9e et d\u00e9velopp\u00e9e sur PORTNET.<\/p>\n<p>Cette plateforme sera disponible 24H\/7J, pr\u00e9cise un communiqu\u00e9 conjoint de l\u2019ANRT et PORTNET, faisant savoir que ce nouveau service permet ainsi aux importateurs de v\u00e9rifier si un \u00e9quipement est d\u00e9j\u00e0 agr\u00e9\u00e9 ou dispens\u00e9 de l\u2019agr\u00e9ment et d\u2019\u00e9tablir, envoyer et suivre l\u2019\u00e9tat d\u2019avancement de leurs demandes (nouvel agr\u00e9ment, autorisation d\u2019importation, dispense d\u2019agr\u00e9ment).<\/p>\n<p>Lire aussi : <a href=\"https:\/\/www.challenge.ma\/qualite-des-reseaux-le-diagnostic-de-lanrt-80899\/\">Qualit\u00e9 des r\u00e9seaux : le diagnostic de l\u2019ANRT<\/a><\/p>\n<p>Ledit service vise, en effet, \u00e0 d\u00e9mat\u00e9rialiser, de bout en bout, le <strong>processus d\u2019agr\u00e9ment<\/strong> et d\u2019importation des \u00e9quipements de t\u00e9l\u00e9communications et \u00e0 permettre aux acteurs concern\u00e9s d\u2019anticiper le processus d\u2019importation de leurs \u00e9quipements de t\u00e9l\u00e9communications, note la m\u00eame source, faisant remarquer qu\u2019une fois la demande est introduite, l\u2019ANRT est syst\u00e9matiquement saisie dans le cas o\u00f9 l\u2019\u00e9quipement n\u00e9cessite son avis pr\u00e9alable et entame son traitement.\u00a0<\/p>\n<p>Pour les \u00e9quipements d\u00e9j\u00e0 agr\u00e9\u00e9s ou dispens\u00e9s de l\u2019agr\u00e9ment de l\u2019<strong>ANRT<\/strong>, le syst\u00e8me en informe lors de la saisie des donn\u00e9es. Une base de donn\u00e9es des \u00e9quipements agr\u00e9\u00e9s ou dispens\u00e9s d\u2019agr\u00e9ment y est disponible et mise automatiquement \u00e0 jour.<\/p>\n<p>Avec cette nouvelle solution, l\u2019ANRT, l\u2019ADD, l\u2019ANP et PORTNET contribuent \u00e0 am\u00e9liorer l\u2019efficacit\u00e9 des services d\u2019agr\u00e9ment et \u00e0 garantir davantage de proximit\u00e9 avec les entreprises.<\/p>\n<p>L\u2019acc\u00e8s \u00e0 cette plateforme est accessible via \u00ab\u00a0https:\/\/agrement.anrt.ma\u00a0\u00bb et \u00ab\u00a0https:\/\/www.portnet.ma\u00a0\u00bb.\u00a0<\/p>\n<div class=\"c17\">\n<fieldset class=\"c16\">\n<legend><strong><span class=\"c11\">Challenge<\/span><span class=\"c12\">news<\/span><\/strong><\/legend>\n<div class=\"c15\">Le meilleur de la r\u00e9daction s\u00e9lectionn\u00e9 par Challenge :<\/p>\n<\/div>\n<\/fieldset>\n<\/div>\n<p>Auteur: challenge<br \/>\n<a href=\"https:\/\/www.challenge.ma\/le-processus-dagrement-des-equipements-dematerialise-des-ce-lundi-114000\/\">Cliquez ici pour lire l&rsquo;article depuis sa source.<\/a><\/p>\n","protected":false},"excerpt":{"rendered":"<p>Les importateurs des \u00e9quipements de t\u00e9l\u00e9communications auront, \u00e0 partir du 29 juillet 2019, la possibilit\u00e9 de traiter, de fa\u00e7on d\u00e9mat\u00e9rialis\u00e9e, leurs demandes d\u2019agr\u00e9ment aupr\u00e8s de l\u2019Agence nationale de r\u00e9glementation des t\u00e9l\u00e9communications (ANRT). Fruit d\u2019un partenariat et d\u2019une collaboration avec le guichet unique national des proc\u00e9dures du commerce ext\u00e9rieur (PORTNET), l\u2019Agence du d\u00e9veloppement digital (ADD) et [&hellip;]<\/p>\n","protected":false},"author":1787,"featured_media":0,"comment_status":"closed","ping_status":"closed","sticky":false,"template":"","format":"standard","meta":{"fifu_image_url":"","fifu_image_alt":"","footnotes":""},"categories":[78,54],"tags":[],"class_list":["post-48918","post","type-post","status-publish","format-standard","hentry","category-economie","category-maroc"],"_links":{"self":[{"href":"https:\/\/linitiative.ca\/International\/wp-json\/wp\/v2\/posts\/48918","targetHints":{"allow":["GET"]}}],"collection":[{"href":"https:\/\/linitiative.ca\/International\/wp-json\/wp\/v2\/posts"}],"about":[{"href":"https:\/\/linitiative.ca\/International\/wp-json\/wp\/v2\/types\/post"}],"author":[{"embeddable":true,"href":"https:\/\/linitiative.ca\/International\/wp-json\/wp\/v2\/users\/1787"}],"replies":[{"embeddable":true,"href":"https:\/\/linitiative.ca\/International\/wp-json\/wp\/v2\/comments?post=48918"}],"version-history":[{"count":0,"href":"https:\/\/linitiative.ca\/International\/wp-json\/wp\/v2\/posts\/48918\/revisions"}],"wp:attachment":[{"href":"https:\/\/linitiative.ca\/International\/wp-json\/wp\/v2\/media?parent=48918"}],"wp:term":[{"taxonomy":"category","embeddable":true,"href":"https:\/\/linitiative.ca\/International\/wp-json\/wp\/v2\/categories?post=48918"},{"taxonomy":"post_tag","embeddable":true,"href":"https:\/\/linitiative.ca\/International\/wp-json\/wp\/v2\/tags?post=48918"}],"curies":[{"name":"wp","href":"https:\/\/api.w.org\/{rel}","templated":true}]}}