{"id":48919,"date":"2019-07-27T08:13:55","date_gmt":"2019-07-27T12:13:55","guid":{"rendered":"https:\/\/linitiative.ca\/International\/jean-christophe-quemard-le-maroc-dispose-dun-vivier-de-jeunes-talents\/"},"modified":"2019-07-27T08:13:55","modified_gmt":"2019-07-27T12:13:55","slug":"jean-christophe-quemard-le-maroc-dispose-dun-vivier-de-jeunes-talents","status":"publish","type":"post","link":"https:\/\/linitiative.ca\/International\/jean-christophe-quemard-le-maroc-dispose-dun-vivier-de-jeunes-talents\/","title":{"rendered":"Jean-Christophe Quemard : \u00ab\u00a0Le Maroc dispose d\u2019un vivier de jeunes talents\u00a0\u00bb"},"content":{"rendered":"<p class=\"p1\"><strong>Constructeur automobile de renomm\u00e9e mondiale qui a inaugur\u00e9 derni\u00e8rement sa nouvelle plateforme industrielle \u00e0 K\u00e9nitra, le Groupe PSA vient de lancer le \u00abPeugeot Young Talents\u00bb. Un projet \u00e0 destination des jeunes Marocains, qui entend stimuler leur esprit d\u2019innovation, d\u2019entrepreneuriat et de cr\u00e9ativit\u00e9. Jean-Christophe Quemard, vice-pr\u00e9sident ex\u00e9cutif de la r\u00e9gion Afrique et Moyen-Orient du Groupe PSA, revient plus en d\u00e9tail avec nous sur cette s\u00e9rie de concours.<span class=\"Apple-converted-space\">\u00a0\u00a0<\/span><\/strong><\/p>\n<div class=\"c10\"\/>\n<p class=\"p1\"><span class=\"c11\"><strong><span class=\"s1\">Challenge\u00a0:<\/span> <span class=\"s2\">Quel bilan faites-vous \u00e0 ce jour de l\u2019activit\u00e9 industrielle de l\u2019usine du Groupe PSA \u00e0 K\u00e9nitra ? <span class=\"Apple-converted-space\">\u00a0 \u00a0<\/span><\/span><\/strong><\/span><\/p>\n<p class=\"p2\"><strong><span class=\"s3 c11\">Jean-Christophe Quemard :<\/span><\/strong> <span class=\"s2\">L\u2019usine de K\u00e9nitra monte progressivement en puissance avec la construction d\u2019un nouveau produit, la <strong>Peugeot<\/strong> <strong>208<\/strong>. Plusieurs exemplaires circulent d\u00e9j\u00e0 sur les routes marocaines \u00e0 des fins de tests et, croyez-moi, il y en aura de plus en plus. Nous allons en fabriquer un peu plus de 10.000 unit\u00e9s d\u2019ici la fin de l\u2019ann\u00e9e et nous devrions atteindre par la suite les 200.000 unit\u00e9s. Un volume qui repr\u00e9sente la capacit\u00e9 totale de production de notre plateforme industrielle.<\/span><\/p>\n<p class=\"p2\"><span class=\"s2 c11\"><strong>Outre le Maroc, quels sont vos march\u00e9s de pr\u00e9dilection en mati\u00e8re d\u2019exportation ?<\/strong><\/span><\/p>\n<p class=\"p2\"><span class=\"s2\">La vocation premi\u00e8re de l\u2019usine de K\u00e9nitra consiste \u00e0 fournir le Royaume. Par ailleurs, nous ambitionnons d\u2019exporter notre production vers l\u2019ensemble de la r\u00e9gion Afrique Moyen-Orient. Ce seront un peu plus de 80 pays qui seront fournis \u00e0 partir de l\u2019usine de K\u00e9nitra avec cette nouvelle Peugeot 208. Par ailleurs, notre plateforme s\u2019appuie sur un tissu de fournisseurs qui s\u2019articule autour d\u2019une quarantaine de sites, dont 27 qui ont \u00e9t\u00e9 ouverts r\u00e9cemment. Un \u00e9cosyst\u00e8me dont nous b\u00e9n\u00e9ficions localement, mais aussi de fa\u00e7on internationale puisque nous exportons pr\u00e8s de 750 millions de pi\u00e8ces au d\u00e9part du Maroc vers nos usines europ\u00e9ennes.<\/span><\/p>\n<p class=\"p1\"><span class=\"s2 c11\"><strong>PSA vient fra\u00eechement de lancer le \u00abPeugeot Young Talents\u00bb, qui se d\u00e9cline en trois concours sp\u00e9cifiques \u00e0 l\u2019attention des jeunes marocains. Quels sont les objectifs que vous souhaitez atteindre avec ce projet ?<\/strong><\/span><\/p>\n<p class=\"p2\"><span class=\"s2\">Nous consid\u00e9rons que la r\u00e9ussite de notre Groupe dans le Royaume reposera notamment sur les Marocains et les Marocaines qui nous accompagnent dans cette aventure industrielle, soit un peu plus de 20.000 personnes. Nous avons donc saisi cette opportunit\u00e9, tant avec l\u2019usine, qu\u2019avec le lancement de la Peugeot 208, d\u2019associer plus largement toute la jeunesse \u00e0 ces concours qui mettront en valeur l\u2019\u00e9tendue de leur cr\u00e9ativit\u00e9 et de leur innovation au Maroc. Ils permettront par ailleurs de stimuler chez eux<span class=\"Apple-converted-space\">\u00a0<\/span> l\u2019esprit d\u2019entrepreneuriat.<\/span><\/p>\n<p class=\"p1\"><span class=\"c11\"><span class=\"s2\"><strong>Concr\u00e8tement, en quoi consistent ces concours et \u00e0 quels types de cibles s\u2019adressent-ils ?<\/strong><\/span><\/span><\/p>\n<p class=\"p2\"><span class=\"s2\">Le \u00ab<strong>Peugeot Young Talents<\/strong>\u00bb s\u2019articule autour de trois concours, si vous pr\u00e9f\u00e9rez, trois th\u00e9matiques sp\u00e9cifiques, \u00e0 savoir l\u2019innovation dans l\u2019entrepreneuriat, la photographie et le design. Baptis\u00e9 \u00abUsine du Futur\u00bb, le premier concours d\u00e9bute en juillet et prendra fin en septembre. Les jeunes d\u00e9sireux d\u2019y participer devront soumettre et proposer des solutions innovantes pour l\u2019am\u00e9lioration de la productivit\u00e9 des unit\u00e9s industrielles. L\u2019objectif de ce concours est de faire \u00e9merger un <strong>\u00e9cosyst\u00e8me de startups<\/strong> sp\u00e9cialis\u00e9es dans l\u2019industrie automobile et de cr\u00e9er un pont entre ces jeunes entrepreneurs et les entreprises du secteur automobile marocain. In fine, il s\u2019agira de favoriser l\u2019am\u00e9lioration de la performance op\u00e9rationnelle du secteur et la croissance de l\u2019industrie automobile marocaine. Nous proposons \u00e9galement un concours plus accessible qui s\u2019adresse aux jeunes Marocains et Marocaines, passionn\u00e9s de photos. Enfin, nous disposons \u00e9galement d\u2019un concours en lien avec le design. Il s\u2019agira, surtout, pour celles et ceux qui s\u2019y inscrivent de concevoir des produits pratiques et utiles pour l\u2019automobiliste et qui apportent une v\u00e9ritable valeur ajout\u00e9e pour la mobilit\u00e9. Autant vous dire que nous restons tr\u00e8s confiants quant \u00e0 l\u2019engouement que devrait susciter aupr\u00e8s des jeunes notre projet \u00abPeugeot Young Talents\u00bb, car nous sommes assur\u00e9s que le Maroc dispose d\u2019un v\u00e9ritable vivier de jeunes talents et nous souhaitons leur donner toutes les cartes en main pour mettre en exergue leurs comp\u00e9tences.\u00a0<\/span><\/p>\n<div class=\"c18\">\n<fieldset class=\"c17\">\n<legend><strong><span class=\"c12\">Challenge<\/span><span class=\"c13\">news<\/span><\/strong><\/legend>\n<div class=\"c16\">Le meilleur de la r\u00e9daction s\u00e9lectionn\u00e9 par Challenge :<\/p>\n<\/div>\n<\/fieldset>\n<\/div>\n<p>Auteur: David J\u00e9r\u00e9mie<br \/>\n<a href=\"https:\/\/www.challenge.ma\/jean-christophe-quemard-le-maroc-dispose-dun-vivier-de-jeunes-talents-113697\/\">Cliquez ici pour lire l&rsquo;article depuis sa source.<\/a><\/p>\n","protected":false},"excerpt":{"rendered":"<p>Constructeur automobile de renomm\u00e9e mondiale qui a inaugur\u00e9 derni\u00e8rement sa nouvelle plateforme industrielle \u00e0 K\u00e9nitra, le Groupe PSA vient de lancer le \u00abPeugeot Young Talents\u00bb. Un projet \u00e0 destination des jeunes Marocains, qui entend stimuler leur esprit d\u2019innovation, d\u2019entrepreneuriat et de cr\u00e9ativit\u00e9. Jean-Christophe Quemard, vice-pr\u00e9sident ex\u00e9cutif de la r\u00e9gion Afrique et Moyen-Orient du Groupe PSA, [&hellip;]<\/p>\n","protected":false},"author":1787,"featured_media":0,"comment_status":"closed","ping_status":"closed","sticky":false,"template":"","format":"standard","meta":{"fifu_image_url":"","fifu_image_alt":"","footnotes":""},"categories":[78,54],"tags":[],"class_list":["post-48919","post","type-post","status-publish","format-standard","hentry","category-economie","category-maroc"],"_links":{"self":[{"href":"https:\/\/linitiative.ca\/International\/wp-json\/wp\/v2\/posts\/48919","targetHints":{"allow":["GET"]}}],"collection":[{"href":"https:\/\/linitiative.ca\/International\/wp-json\/wp\/v2\/posts"}],"about":[{"href":"https:\/\/linitiative.ca\/International\/wp-json\/wp\/v2\/types\/post"}],"author":[{"embeddable":true,"href":"https:\/\/linitiative.ca\/International\/wp-json\/wp\/v2\/users\/1787"}],"replies":[{"embeddable":true,"href":"https:\/\/linitiative.ca\/International\/wp-json\/wp\/v2\/comments?post=48919"}],"version-history":[{"count":0,"href":"https:\/\/linitiative.ca\/International\/wp-json\/wp\/v2\/posts\/48919\/revisions"}],"wp:attachment":[{"href":"https:\/\/linitiative.ca\/International\/wp-json\/wp\/v2\/media?parent=48919"}],"wp:term":[{"taxonomy":"category","embeddable":true,"href":"https:\/\/linitiative.ca\/International\/wp-json\/wp\/v2\/categories?post=48919"},{"taxonomy":"post_tag","embeddable":true,"href":"https:\/\/linitiative.ca\/International\/wp-json\/wp\/v2\/tags?post=48919"}],"curies":[{"name":"wp","href":"https:\/\/api.w.org\/{rel}","templated":true}]}}