{"id":48921,"date":"2019-07-27T11:44:47","date_gmt":"2019-07-27T15:44:47","guid":{"rendered":"https:\/\/linitiative.ca\/International\/tunisie-antonio-guterres-le-secretaire-general-des-nations-unies-signe-le-registre-des-condoleances-a-la-delegation-tunisienne-a-lonu\/"},"modified":"2019-07-27T11:44:47","modified_gmt":"2019-07-27T15:44:47","slug":"tunisie-antonio-guterres-le-secretaire-general-des-nations-unies-signe-le-registre-des-condoleances-a-la-delegation-tunisienne-a-lonu","status":"publish","type":"post","link":"https:\/\/linitiative.ca\/International\/tunisie-antonio-guterres-le-secretaire-general-des-nations-unies-signe-le-registre-des-condoleances-a-la-delegation-tunisienne-a-lonu\/","title":{"rendered":"Tunisie \u2013 Ant\u00f3nio Guterres, le secr\u00e9taire g\u00e9n\u00e9ral des Nations Unies signe le registre des condol\u00e9ances \u00e0 la d\u00e9l\u00e9gation tunisienne \u00e0 l\u2019ONU"},"content":{"rendered":"<div class=\"post-cont-in left relative\">\n<div class=\"swp_social_panel swp_horizontal_panel swp_flat_fresh swp_default_full_color swp_individual_full_color swp_other_full_color scale-100 scale-\" data-min-width=\"1100\" data-float-color=\"#ffffff\" data-float=\"none\" data-float-mobile=\"none\" data-transition=\"slide\">\n<div class=\"nc_tweetContainer swp_share_button total_shares total_sharesalt\"><span class=\"swp_count\">7 <span class=\"swp_label\">Partages<\/span><\/span><\/div>\n<\/div>\n<p>Le Secr\u00e9taire G\u00e9n\u00e9ral des Nations Unies, Ant\u00f3nio Guterres, s\u2019est rendu vendredi, au si\u00e8ge de la d\u00e9l\u00e9gation tunisienne \u00e0 l\u2019ONU, pour pr\u00e9senter ses condol\u00e9ances et signer le registre ouvert au dit si\u00e8ge.<\/p>\n<div class=\"mvp-org-wrap mvp-org-logo\" itemprop=\"publisher\" itemscope=\"\" itemtype=\"https:\/\/schema.org\/Organization\"><img decoding=\"async\" src=\"https:\/\/www.tunisienumerique.com\/wp-content\/uploads\/2017\/02\/logo_tunisie_numerique.png\"\/><\/div>\n<div class=\"swp_social_panel swp_horizontal_panel swp_flat_fresh swp_default_full_color swp_individual_full_color swp_other_full_color scale-100 scale-\" data-min-width=\"1100\" data-float-color=\"#ffffff\" data-float=\"none\" data-float-mobile=\"none\" data-transition=\"slide\">\n<div class=\"nc_tweetContainer swp_share_button total_shares total_sharesalt\"><span class=\"swp_count\">7 <span class=\"swp_label\">Partages<\/span><\/span><\/div>\n<\/div>\n<div class=\"mvp-related-posts left relative\">\n<h4 class=\"post-header\"><span class=\"post-header\">Lire aussi<\/span><\/h4>\n<\/div>\n<\/div>\n<p>Auteur: LM<br \/>\n<a href=\"https:\/\/www.tunisienumerique.com\/tunisie-antonio-guterres-le-secretaire-general-des-nations-unies-signe-le-registre-des-condoleances-a-la-delegation-tunisienne-a-lonu\/\">Cliquez ici pour lire l&rsquo;article depuis sa source.<\/a><\/p>\n","protected":false},"excerpt":{"rendered":"<p>7 Partages Le Secr\u00e9taire G\u00e9n\u00e9ral des Nations Unies, Ant\u00f3nio Guterres, s\u2019est rendu vendredi, au si\u00e8ge de la d\u00e9l\u00e9gation tunisienne \u00e0 l\u2019ONU, pour pr\u00e9senter ses condol\u00e9ances et signer le registre ouvert au dit si\u00e8ge. 7 Partages Lire aussi Auteur: LM Cliquez ici pour lire l&rsquo;article depuis sa source.<\/p>\n","protected":false},"author":1789,"featured_media":48922,"comment_status":"closed","ping_status":"closed","sticky":false,"template":"","format":"standard","meta":{"fifu_image_url":"","fifu_image_alt":"","footnotes":""},"categories":[73,55],"tags":[],"class_list":["post-48921","post","type-post","status-publish","format-standard","has-post-thumbnail","hentry","category-actualite","category-tunisie"],"_links":{"self":[{"href":"https:\/\/linitiative.ca\/International\/wp-json\/wp\/v2\/posts\/48921","targetHints":{"allow":["GET"]}}],"collection":[{"href":"https:\/\/linitiative.ca\/International\/wp-json\/wp\/v2\/posts"}],"about":[{"href":"https:\/\/linitiative.ca\/International\/wp-json\/wp\/v2\/types\/post"}],"author":[{"embeddable":true,"href":"https:\/\/linitiative.ca\/International\/wp-json\/wp\/v2\/users\/1789"}],"replies":[{"embeddable":true,"href":"https:\/\/linitiative.ca\/International\/wp-json\/wp\/v2\/comments?post=48921"}],"version-history":[{"count":0,"href":"https:\/\/linitiative.ca\/International\/wp-json\/wp\/v2\/posts\/48921\/revisions"}],"wp:featuredmedia":[{"embeddable":true,"href":"https:\/\/linitiative.ca\/International\/wp-json\/"}],"wp:attachment":[{"href":"https:\/\/linitiative.ca\/International\/wp-json\/wp\/v2\/media?parent=48921"}],"wp:term":[{"taxonomy":"category","embeddable":true,"href":"https:\/\/linitiative.ca\/International\/wp-json\/wp\/v2\/categories?post=48921"},{"taxonomy":"post_tag","embeddable":true,"href":"https:\/\/linitiative.ca\/International\/wp-json\/wp\/v2\/tags?post=48921"}],"curies":[{"name":"wp","href":"https:\/\/api.w.org\/{rel}","templated":true}]}}