{"id":48923,"date":"2019-07-27T11:57:34","date_gmt":"2019-07-27T15:57:34","guid":{"rendered":"https:\/\/linitiative.ca\/International\/tunisie-organisation-des-funerailles-mention-tres-honorable-a-larmee-nationale\/"},"modified":"2019-07-27T11:57:34","modified_gmt":"2019-07-27T15:57:34","slug":"tunisie-organisation-des-funerailles-mention-tres-honorable-a-larmee-nationale","status":"publish","type":"post","link":"https:\/\/linitiative.ca\/International\/tunisie-organisation-des-funerailles-mention-tres-honorable-a-larmee-nationale\/","title":{"rendered":"Tunisie \u2013 Organisation des fun\u00e9railles\u00a0: Mention tr\u00e8s honorable \u00e0 l\u2019arm\u00e9e nationale"},"content":{"rendered":"<div class=\"post-cont-in left relative\">\n<div class=\"swp_social_panel swp_horizontal_panel swp_flat_fresh swp_default_full_color swp_individual_full_color swp_other_full_color scale-100 scale-\" data-min-width=\"1100\" data-float-color=\"#ffffff\" data-float=\"none\" data-float-mobile=\"none\" data-transition=\"slide\">\n<div class=\"nc_tweetContainer swp_share_button total_shares total_sharesalt\"><span class=\"swp_count\">3K <span class=\"swp_label\">Partages<\/span><\/span><\/div>\n<\/div>\n<p>Pour la premi\u00e8re fois de l\u2019histoire moderne de la Tunisie, l\u2019organisation des fun\u00e9railles d\u2019un pr\u00e9sident en exercice a \u00e9t\u00e9 d\u2019une surprenante excellence. L\u2019arm\u00e9e nationale qui s\u2019est charg\u00e9e de cette logistique a \u00e9t\u00e9, ce samedi, le point d\u2019orgue de l\u2019\u00e9v\u00e8nement, avec une\u00a0disposition minutieuse et orchestr\u00e9e comme une horloge suisse.<\/p>\n<p>Pourtant, ils \u00e9taient \u00e0 leur premi\u00e8re et ils ont choisi de faire dans la difficult\u00e9. Ils ont mis le paquet\u00a0: La cavalerie, la haie d\u2019honneur, le cort\u00e8ge irr\u00e9prochable, la s\u00e9curit\u00e9 absolue et m\u00eame les jets de fum\u00e9e qui ont trac\u00e9 les couleurs nationales dans le ciel de Tunis, au passage du cort\u00e8ge.<\/p>\n<div class=\"code-block code-block-1 c5\"><ins class=\"adsbygoogle c4\" data-ad-layout=\"in-article\" data-ad-format=\"fluid\" data-ad-client=\"ca-pub-2102118777505746\" data-ad-slot=\"7301775417\"\/> <\/div>\n<p>Un\u00a0agencement qui donne\u00a0de l\u2019espoir en les acquis et les comp\u00e9tences du pays\u00a0!<\/p>\n<p>Merci, messieurs dames. Vous avez \u00e9t\u00e9 \u00e0 la hauteur de l\u2019\u00e9v\u00e9nement\u00a0!<\/p>\n<div class=\"mvp-org-wrap mvp-org-logo\" itemprop=\"publisher\" itemscope=\"\" itemtype=\"https:\/\/schema.org\/Organization\"><img decoding=\"async\" src=\"https:\/\/www.tunisienumerique.com\/wp-content\/uploads\/2017\/02\/logo_tunisie_numerique.png\"\/><\/div>\n<div class=\"swp_social_panel swp_horizontal_panel swp_flat_fresh swp_default_full_color swp_individual_full_color swp_other_full_color scale-100 scale-\" data-min-width=\"1100\" data-float-color=\"#ffffff\" data-float=\"none\" data-float-mobile=\"none\" data-transition=\"slide\">\n<div class=\"nc_tweetContainer swp_share_button total_shares total_sharesalt\"><span class=\"swp_count\">3K <span class=\"swp_label\">Partages<\/span><\/span><\/div>\n<\/div>\n<div class=\"mvp-related-posts left relative\">\n<h4 class=\"post-header\"><span class=\"post-header\">Lire aussi<\/span><\/h4>\n<\/div>\n<\/div>\n<p>Auteur: LM<br \/>\n<a href=\"https:\/\/www.tunisienumerique.com\/tunisie-organisation-des-funerailles-mention-tres-honorable-a-larmee-nationale\/\">Cliquez ici pour lire l&rsquo;article depuis sa source.<\/a><\/p>\n","protected":false},"excerpt":{"rendered":"<p>3K Partages Pour la premi\u00e8re fois de l\u2019histoire moderne de la Tunisie, l\u2019organisation des fun\u00e9railles d\u2019un pr\u00e9sident en exercice a \u00e9t\u00e9 d\u2019une surprenante excellence. L\u2019arm\u00e9e nationale qui s\u2019est charg\u00e9e de cette logistique a \u00e9t\u00e9, ce samedi, le point d\u2019orgue de l\u2019\u00e9v\u00e8nement, avec une\u00a0disposition minutieuse et orchestr\u00e9e comme une horloge suisse. Pourtant, ils \u00e9taient \u00e0 leur [&hellip;]<\/p>\n","protected":false},"author":1789,"featured_media":48924,"comment_status":"closed","ping_status":"closed","sticky":false,"template":"","format":"standard","meta":{"fifu_image_url":"","fifu_image_alt":"","footnotes":""},"categories":[73,55],"tags":[],"class_list":["post-48923","post","type-post","status-publish","format-standard","has-post-thumbnail","hentry","category-actualite","category-tunisie"],"_links":{"self":[{"href":"https:\/\/linitiative.ca\/International\/wp-json\/wp\/v2\/posts\/48923","targetHints":{"allow":["GET"]}}],"collection":[{"href":"https:\/\/linitiative.ca\/International\/wp-json\/wp\/v2\/posts"}],"about":[{"href":"https:\/\/linitiative.ca\/International\/wp-json\/wp\/v2\/types\/post"}],"author":[{"embeddable":true,"href":"https:\/\/linitiative.ca\/International\/wp-json\/wp\/v2\/users\/1789"}],"replies":[{"embeddable":true,"href":"https:\/\/linitiative.ca\/International\/wp-json\/wp\/v2\/comments?post=48923"}],"version-history":[{"count":0,"href":"https:\/\/linitiative.ca\/International\/wp-json\/wp\/v2\/posts\/48923\/revisions"}],"wp:featuredmedia":[{"embeddable":true,"href":"https:\/\/linitiative.ca\/International\/wp-json\/"}],"wp:attachment":[{"href":"https:\/\/linitiative.ca\/International\/wp-json\/wp\/v2\/media?parent=48923"}],"wp:term":[{"taxonomy":"category","embeddable":true,"href":"https:\/\/linitiative.ca\/International\/wp-json\/wp\/v2\/categories?post=48923"},{"taxonomy":"post_tag","embeddable":true,"href":"https:\/\/linitiative.ca\/International\/wp-json\/wp\/v2\/tags?post=48923"}],"curies":[{"name":"wp","href":"https:\/\/api.w.org\/{rel}","templated":true}]}}