{"id":48935,"date":"2019-07-27T14:38:43","date_gmt":"2019-07-27T18:38:43","guid":{"rendered":"https:\/\/linitiative.ca\/International\/mercato-un-nouveau-joueur-quitte-letoile-du-sahel\/"},"modified":"2019-07-27T14:38:43","modified_gmt":"2019-07-27T18:38:43","slug":"mercato-un-nouveau-joueur-quitte-letoile-du-sahel","status":"publish","type":"post","link":"https:\/\/linitiative.ca\/International\/mercato-un-nouveau-joueur-quitte-letoile-du-sahel\/","title":{"rendered":"Mercato : un nouveau joueur quitte l\u2019Etoile du Sahel"},"content":{"rendered":"<div class=\"nc_socialPanel swp_flatFresh swp_d_fullColor swp_i_fullColor swp_o_fullColor scale-100 scale-fullWidth\" data-position=\"none\" data-float=\"floatNone\" data-count=\"5\" data-floatcolor=\"#ffffff\" data-emphasize=\"0\">\n<div class=\"nc_tweetContainer totes totesalt\" data-id=\"6\"><span class=\"swp_count\"><span class=\"swp_label\">Partages<\/span> 0<\/span><\/div>\n<\/div>\n<p dir=\"ltr\">Le club saoudien Abha, entra\u00een\u00e9 par le tunisien Abderrazak Chebbi, a annonc\u00e9 le recrutement du milieu de terrain de l\u2019Etoile Sportive du Sahel, Karim Aouadhi.<\/p>\n<p dir=\"ltr\">Form\u00e9 \u00e0 l\u2019association Sportive de Megrine, Aouadhi (32 ans) a fait des passages au Club Africain, \u00e0 l\u2019Esp\u00e9rance de Tunis, au Club Sportif Sfaxien, et au Stade Tunisien.<\/p>\n<div class=\"code-block code-block-1 c4\"><ins class=\"adsbygoogle c3\" data-ad-layout=\"in-article\" data-ad-format=\"fluid\" data-ad-client=\"ca-pub-2102118777505746\" data-ad-slot=\"7301775417\"\/> <\/div>\n<p dir=\"ltr\">Pour rappel, l\u2019ailier Omar Zekri a annonc\u00e9 hier la fin de son aventure avec la formation \u00e9toil\u00e9e.<\/p>\n<div class=\"mvp-org-wrap mvp-org-logo\" itemprop=\"publisher\" itemscope=\"\" itemtype=\"https:\/\/schema.org\/Organization\"><img decoding=\"async\" src=\"https:\/\/sport.tunisienumerique.com\/wp-content\/uploads\/2017\/05\/logo_tunisie_numerique.png\"\/><\/div>\n<div class=\"nc_socialPanel swp_flatFresh swp_d_fullColor swp_i_fullColor swp_o_fullColor scale-100 scale-fullWidth\" data-position=\"none\" data-float=\"floatNone\" data-count=\"5\" data-floatcolor=\"#ffffff\" data-emphasize=\"0\">\n<div class=\"nc_tweetContainer totes totesalt\" data-id=\"6\"><span class=\"swp_count\"><span class=\"swp_label\">Partages<\/span> 0<\/span><\/div>\n<\/div>\n<div class=\"mvp-related-posts left relative\">\n<h4 class=\"post-header\"><span class=\"post-header\">Lire aussi<\/span><\/h4>\n<\/div>\n<p>Auteur: a.<br \/>\n<a href=\"https:\/\/sport.tunisienumerique.com\/mercato-nouveau-joueur-quitte-letoile-sahel\/\">Cliquez ici pour lire l&rsquo;article depuis sa source.<\/a><\/p>\n","protected":false},"excerpt":{"rendered":"<p>Partages 0 Le club saoudien Abha, entra\u00een\u00e9 par le tunisien Abderrazak Chebbi, a annonc\u00e9 le recrutement du milieu de terrain de l\u2019Etoile Sportive du Sahel, Karim Aouadhi. Form\u00e9 \u00e0 l\u2019association Sportive de Megrine, Aouadhi (32 ans) a fait des passages au Club Africain, \u00e0 l\u2019Esp\u00e9rance de Tunis, au Club Sportif Sfaxien, et au Stade Tunisien. [&hellip;]<\/p>\n","protected":false},"author":1789,"featured_media":48936,"comment_status":"closed","ping_status":"closed","sticky":false,"template":"","format":"standard","meta":{"fifu_image_url":"","fifu_image_alt":"","footnotes":""},"categories":[73,55],"tags":[],"class_list":["post-48935","post","type-post","status-publish","format-standard","has-post-thumbnail","hentry","category-actualite","category-tunisie"],"_links":{"self":[{"href":"https:\/\/linitiative.ca\/International\/wp-json\/wp\/v2\/posts\/48935","targetHints":{"allow":["GET"]}}],"collection":[{"href":"https:\/\/linitiative.ca\/International\/wp-json\/wp\/v2\/posts"}],"about":[{"href":"https:\/\/linitiative.ca\/International\/wp-json\/wp\/v2\/types\/post"}],"author":[{"embeddable":true,"href":"https:\/\/linitiative.ca\/International\/wp-json\/wp\/v2\/users\/1789"}],"replies":[{"embeddable":true,"href":"https:\/\/linitiative.ca\/International\/wp-json\/wp\/v2\/comments?post=48935"}],"version-history":[{"count":0,"href":"https:\/\/linitiative.ca\/International\/wp-json\/wp\/v2\/posts\/48935\/revisions"}],"wp:featuredmedia":[{"embeddable":true,"href":"https:\/\/linitiative.ca\/International\/wp-json\/"}],"wp:attachment":[{"href":"https:\/\/linitiative.ca\/International\/wp-json\/wp\/v2\/media?parent=48935"}],"wp:term":[{"taxonomy":"category","embeddable":true,"href":"https:\/\/linitiative.ca\/International\/wp-json\/wp\/v2\/categories?post=48935"},{"taxonomy":"post_tag","embeddable":true,"href":"https:\/\/linitiative.ca\/International\/wp-json\/wp\/v2\/tags?post=48935"}],"curies":[{"name":"wp","href":"https:\/\/api.w.org\/{rel}","templated":true}]}}