{"id":48937,"date":"2019-07-27T15:35:40","date_gmt":"2019-07-27T19:35:40","guid":{"rendered":"https:\/\/linitiative.ca\/International\/tunisie-chahed-ce-jour-restera-une-date-phare-dans-lhistoire-du-pays\/"},"modified":"2019-07-27T15:35:40","modified_gmt":"2019-07-27T19:35:40","slug":"tunisie-chahed-ce-jour-restera-une-date-phare-dans-lhistoire-du-pays","status":"publish","type":"post","link":"https:\/\/linitiative.ca\/International\/tunisie-chahed-ce-jour-restera-une-date-phare-dans-lhistoire-du-pays\/","title":{"rendered":"Tunisie \u2013 Chahed\u00a0: Ce jour restera une date phare dans l\u2019histoire du pays"},"content":{"rendered":"<div class=\"post-cont-in left relative\">\n<div class=\"swp_social_panel swp_horizontal_panel swp_flat_fresh swp_default_full_color swp_individual_full_color swp_other_full_color scale-100 scale-\" data-min-width=\"1100\" data-float-color=\"#ffffff\" data-float=\"none\" data-float-mobile=\"none\" data-transition=\"slide\">\n<div class=\"nc_tweetContainer swp_share_button total_shares total_sharesalt\"><span class=\"swp_count\">66 <span class=\"swp_label\">Partages<\/span><\/span><\/div>\n<\/div>\n<p>Le chef du gouvernement, Youssef Chahed a tenu, \u00e0 travers un post publi\u00e9 sur sa page Facebook, \u00e0 remercier tout le peuple tunisien sorti, ce samedi, de fa\u00e7on spontan\u00e9e, rendre un dernier hommage au Leader, B\u00e9ji Ca\u00efd Essebsi. Il a ajout\u00e9 que cet \u00e9lan a montr\u00e9 combien les tunisiens ont \u00e9t\u00e9 unis face \u00e0\u00a0la douleur,\u00a0faisant de ce jour une date phare dans l\u2019histoire de la Tunisie!<\/p>\n<p>Par ailleurs, Chahed a tenu \u00e0 remercier le pr\u00e9sident Mohamed Ennaceur, d\u2019avoir personnellement supervis\u00e9 les r\u00e9unions de pr\u00e9paration des fun\u00e9railles qui ont \u00e9t\u00e9 grandioses. Il a voulu, \u00e0 cette occasion, rendre hommage aux forces arm\u00e9es, aux corps de la police et de la garde nationale pour leur travail exceptionnel, ainsi qu\u2019\u00e0 la diplomatie tunisienne qui a su g\u00e9rer en un temps record, l\u2019arriv\u00e9e et le d\u00e9part des d\u00e9l\u00e9gations et des chefs d\u2019Etats venus pr\u00e9senter leurs condol\u00e9ances.<\/p>\n<div class=\"code-block code-block-1 c5\"><ins class=\"adsbygoogle c4\" data-ad-layout=\"in-article\" data-ad-format=\"fluid\" data-ad-client=\"ca-pub-2102118777505746\" data-ad-slot=\"7301775417\"\/> <\/div>\n<p>Chahed n\u2019a pas omis de remercier tous les rouages de l\u2019administration tunisienne qui\u00a0ont su coordonner pour donner de la Tunisie l\u2019image qu\u2019elle a eue, aujourd\u2019hui\u00a0!<\/p>\n<p><img loading=\"lazy\" decoding=\"async\" class=\"aligncenter size-full wp-image-451047\" src=\"https:\/\/www.tunisienumerique.com\/wp-content\/uploads\/2019\/07\/youssef.jpg\" alt=\"\" width=\"616\" height=\"588\" srcset=\"https:\/\/www.tunisienumerique.com\/wp-content\/uploads\/2019\/07\/youssef.jpg 616w, https:\/\/www.tunisienumerique.com\/wp-content\/uploads\/2019\/07\/youssef-600x573.jpg 600w\" sizes=\"auto, (max-width: 616px) 100vw, 616px\"\/><\/p>\n<div class=\"mvp-org-wrap mvp-org-logo\" itemprop=\"publisher\" itemscope=\"\" itemtype=\"https:\/\/schema.org\/Organization\"><img decoding=\"async\" src=\"https:\/\/www.tunisienumerique.com\/wp-content\/uploads\/2017\/02\/logo_tunisie_numerique.png\"\/><\/div>\n<div class=\"swp_social_panel swp_horizontal_panel swp_flat_fresh swp_default_full_color swp_individual_full_color swp_other_full_color scale-100 scale-\" data-min-width=\"1100\" data-float-color=\"#ffffff\" data-float=\"none\" data-float-mobile=\"none\" data-transition=\"slide\">\n<div class=\"nc_tweetContainer swp_share_button total_shares total_sharesalt\"><span class=\"swp_count\">66 <span class=\"swp_label\">Partages<\/span><\/span><\/div>\n<\/div>\n<div class=\"mvp-related-posts left relative\">\n<h4 class=\"post-header\"><span class=\"post-header\">Lire aussi<\/span><\/h4>\n<\/div>\n<\/div>\n<p>Auteur: LM<br \/>\n<a href=\"https:\/\/www.tunisienumerique.com\/tunisie-chahed-ce-jour-restera-une-date-phare-dans-lhistoire-du-pays\/\">Cliquez ici pour lire l&rsquo;article depuis sa source.<\/a><\/p>\n","protected":false},"excerpt":{"rendered":"<p>66 Partages Le chef du gouvernement, Youssef Chahed a tenu, \u00e0 travers un post publi\u00e9 sur sa page Facebook, \u00e0 remercier tout le peuple tunisien sorti, ce samedi, de fa\u00e7on spontan\u00e9e, rendre un dernier hommage au Leader, B\u00e9ji Ca\u00efd Essebsi. Il a ajout\u00e9 que cet \u00e9lan a montr\u00e9 combien les tunisiens ont \u00e9t\u00e9 unis face [&hellip;]<\/p>\n","protected":false},"author":1789,"featured_media":48938,"comment_status":"closed","ping_status":"closed","sticky":false,"template":"","format":"standard","meta":{"fifu_image_url":"","fifu_image_alt":"","footnotes":""},"categories":[73,55],"tags":[],"class_list":["post-48937","post","type-post","status-publish","format-standard","has-post-thumbnail","hentry","category-actualite","category-tunisie"],"_links":{"self":[{"href":"https:\/\/linitiative.ca\/International\/wp-json\/wp\/v2\/posts\/48937","targetHints":{"allow":["GET"]}}],"collection":[{"href":"https:\/\/linitiative.ca\/International\/wp-json\/wp\/v2\/posts"}],"about":[{"href":"https:\/\/linitiative.ca\/International\/wp-json\/wp\/v2\/types\/post"}],"author":[{"embeddable":true,"href":"https:\/\/linitiative.ca\/International\/wp-json\/wp\/v2\/users\/1789"}],"replies":[{"embeddable":true,"href":"https:\/\/linitiative.ca\/International\/wp-json\/wp\/v2\/comments?post=48937"}],"version-history":[{"count":0,"href":"https:\/\/linitiative.ca\/International\/wp-json\/wp\/v2\/posts\/48937\/revisions"}],"wp:featuredmedia":[{"embeddable":true,"href":"https:\/\/linitiative.ca\/International\/wp-json\/"}],"wp:attachment":[{"href":"https:\/\/linitiative.ca\/International\/wp-json\/wp\/v2\/media?parent=48937"}],"wp:term":[{"taxonomy":"category","embeddable":true,"href":"https:\/\/linitiative.ca\/International\/wp-json\/wp\/v2\/categories?post=48937"},{"taxonomy":"post_tag","embeddable":true,"href":"https:\/\/linitiative.ca\/International\/wp-json\/wp\/v2\/tags?post=48937"}],"curies":[{"name":"wp","href":"https:\/\/api.w.org\/{rel}","templated":true}]}}