{"id":48939,"date":"2019-07-27T08:34:25","date_gmt":"2019-07-27T12:34:25","guid":{"rendered":"https:\/\/linitiative.ca\/International\/8eme-tac-le-couple-dexperts-quadrille-les-projets\/"},"modified":"2019-07-27T08:34:25","modified_gmt":"2019-07-27T12:34:25","slug":"8eme-tac-le-couple-dexperts-quadrille-les-projets","status":"publish","type":"post","link":"https:\/\/linitiative.ca\/International\/8eme-tac-le-couple-dexperts-quadrille-les-projets\/","title":{"rendered":"8\u00e8me TAC\u00a0: Le couple d\u2019experts quadrille les projets"},"content":{"rendered":"<div class=\"td-post-featured-image\"><a href=\"https:\/\/i0.wp.com\/www.sidwaya.info\/wp-content\/uploads\/2019\/07\/3-1.jpg?fit=900%2C600&#038;ssl=1\" data-caption=\"\"><img loading=\"lazy\" decoding=\"async\" width=\"696\" height=\"464\" class=\"entry-thumb td-modal-image\" src=\"https:\/\/i0.wp.com\/www.sidwaya.info\/wp-content\/uploads\/2019\/07\/3-1.jpg?resize=696%2C464&#038;ssl=1\" srcset=\"https:\/\/i0.wp.com\/www.sidwaya.info\/wp-content\/uploads\/2019\/07\/3-1.jpg?w=900&#038;ssl=1 900w, https:\/\/i0.wp.com\/www.sidwaya.info\/wp-content\/uploads\/2019\/07\/3-1.jpg?resize=300%2C200&#038;ssl=1 300w, https:\/\/i0.wp.com\/www.sidwaya.info\/wp-content\/uploads\/2019\/07\/3-1.jpg?resize=768%2C512&#038;ssl=1 768w, https:\/\/i0.wp.com\/www.sidwaya.info\/wp-content\/uploads\/2019\/07\/3-1.jpg?resize=696%2C464&#038;ssl=1 696w, https:\/\/i0.wp.com\/www.sidwaya.info\/wp-content\/uploads\/2019\/07\/3-1.jpg?resize=630%2C420&#038;ssl=1 630w\" sizes=\"auto, (max-width: 696px) 100vw, 696px\" alt=\"\" title=\"3\"\/><\/a><\/div>\n<p><strong class=\"c1\">La r\u00e9union des experts de la 8<sup>\u00e8me<\/sup> conf\u00e9rence au sommet du Trait\u00e9 d\u2019amiti\u00e9 et de coop\u00e9ration entre le Burkina Faso et la Cote d\u2019Ivoire s\u2019est ouverte le samedi 27 juillet 2019 \u00e0 Ouagadougou.<\/strong><\/p>\n<p>Les rideaux sont lev\u00e9s sur la 8\u00e8me conf\u00e9rence au sommet du Trait\u00e9 d\u2019amiti\u00e9 et de coop\u00e9ration entre le Burkina Faso et la Cote d\u2019Ivoire avec l\u2019ouverture le samedi 27 juillet 2019 \u00e0 Ouagadougou, de la r\u00e9union des experts. Une rencontre pr\u00e9paratoire du conseil conjoint de gouvernements et la conf\u00e9rence au sommet des chefs d\u2019Etat.<\/p>\n<p>Cette r\u00e9union va s\u2019articuler autour de l\u2019\u00e9valuation des d\u00e9cisions et recommandations de la septi\u00e8me conf\u00e9rence au sommet, valider les projets d\u2019accords \u00e0 signer lors du 8\u00e8 TAC, \u00e9laborer et adopter l\u2019avant-projet de communiqu\u00e9 conjoint entre autres. Le secr\u00e9taire g\u00e9n\u00e9ral du minist\u00e8re des Affaires \u00e9trang\u00e8res et de la coop\u00e9ration Seydou Sinka, pr\u00e9sident de la c\u00e9r\u00e9monie d\u2019ouverture des travaux a, \u00e0 cette occasion, salu\u00e9 la mobilisation et l\u2019engagement des experts.<\/p>\n<p><img loading=\"lazy\" decoding=\"async\" class=\"alignnone wp-image-10963\" src=\"https:\/\/i2.wp.com\/www.sidwaya.info\/wp-content\/uploads\/2019\/07\/1-52.jpg?resize=362%2C241&#038;ssl=1\" alt=\"\" width=\"362\" height=\"241\" srcset=\"https:\/\/i2.wp.com\/www.sidwaya.info\/wp-content\/uploads\/2019\/07\/1-52.jpg?resize=300%2C200&#038;ssl=1 300w, https:\/\/i2.wp.com\/www.sidwaya.info\/wp-content\/uploads\/2019\/07\/1-52.jpg?resize=768%2C512&#038;ssl=1 768w, https:\/\/i2.wp.com\/www.sidwaya.info\/wp-content\/uploads\/2019\/07\/1-52.jpg?resize=696%2C464&#038;ssl=1 696w, https:\/\/i2.wp.com\/www.sidwaya.info\/wp-content\/uploads\/2019\/07\/1-52.jpg?resize=630%2C420&#038;ssl=1 630w, https:\/\/i2.wp.com\/www.sidwaya.info\/wp-content\/uploads\/2019\/07\/1-52.jpg?w=900&#038;ssl=1 900w\" sizes=\"auto, (max-width: 362px) 100vw, 362px\" data-recalc-dims=\"1\"\/>Il a exhort\u00e9 les d\u00e9l\u00e9gations d\u2019intellectuel des deux pays \u00e0 se donner la main et \u00e0 \u00e9tudier soigneusement les projets qui sont dans les parapheurs afin d\u2019acc\u00e9l\u00e9rer l\u2019op\u00e9rationnalisation des r\u00e9alisations entrants dans le cadre de la coop\u00e9ration entre le Burkina Faso et la r\u00e9publique de C\u00f4te d\u2019Ivoire. Le directeur g\u00e9n\u00e9ral Afrique des relations bilat\u00e9rale du minist\u00e8re des affaires \u00e9trang\u00e8res de la Cote d\u2019Ivoire Eric Camille N\u2019Dry quant \u00e0 lui, s\u2019est r\u00e9joui de la qualit\u00e9 des travaux de la troisi\u00e8me session du comit\u00e9 de suivi et d\u2019\u00e9valuation du TAC tenue \u00e0 Bobo-Dioulasso du 22 au 24 mai dernier.<\/p>\n<p><strong>Examen rigoureux de projets<\/strong><\/p>\n<p>Une rencontre qui, selon lui, avait permis, de faire l\u2019\u00e9tat des lieux, de la mise en \u0153uvre des d\u00e9cisions et recommandation issues du septi\u00e8me sommet du trait\u00e9 tenu \u00e0 Yamoussoukro en juillet 2018. De l\u2019avis du diplomate, le rapport issu de cette r\u00e9union de Bobo-Dioulasso va faciliter les travaux des experts. \u00ab\u00a0<em>Je mesure l\u2019immensit\u00e9 et la complexit\u00e9 des t\u00e2ches, mais je reste confiant qu\u2019avec la bonne volont\u00e9 qui nous anime tous, nous parviendront \u00e0 produire des documents de qualit\u00e9<\/em>\u00a0\u00bb a-t-il dit.<\/p>\n<p>Il a invit\u00e9 les experts \u00e0 murir la r\u00e9flexion et \u00e0 donner le meilleur d\u2019eux-m\u00eames durant les deux jours de travaux afin d\u2019aboutir \u00e0 des d\u00e9cisions et recommandations \u00ab\u00a0pertinentes\u00a0\u00bb susceptibles d\u2019acc\u00e9l\u00e9rer l\u2019ex\u00e9cution des diff\u00e9rentes diligences d\u00e9finies lors de la 7\u00e8 conf\u00e9rence du TAC. Pour sa part, la directrice g\u00e9n\u00e9rale des relations bilat\u00e9rales du Burkina Faso Olivia Rouamba a pr\u00e9cis\u00e9 que la coop\u00e9ration entre les deux pays se bonifie avec le temps.<\/p>\n<p>A ce jour, Mme Rouamba indique que tous les secteurs de d\u00e9veloppement durable ont \u00e9t\u00e9 pris en compte dans cette politique de coop\u00e9ration. \u00ab\u00a0<em>A ce stade nous avons d\u00e9j\u00e0 embrass\u00e9 les secteurs des infrastructures routi\u00e8res et ferroviaires, l\u2019\u00e9nergie, la d\u00e9fense, la s\u00e9curit\u00e9, la diplomatie, la libre circulation des personnes et des biens, l\u2019int\u00e9gration des peuples, le commerce, la sant\u00e9, la communication, les Postes, l\u2019agriculture, l\u2019\u00e9levage, l\u2019\u00e9ducation, la recherche, la formation professionnelle etc\u00a0\u00bb<\/em> a-t-elle d\u00e9clar\u00e9. Mieux au sortir de cette huiti\u00e8me conf\u00e9rence, les acteurs sont rassur\u00e9s qu\u2019un autre cap sera de franchi.<\/p>\n<p><strong>Wanl\u00e9 G\u00e9rard COULIBALY<\/strong><\/p>\n<div class=\"td-a-rec td-a-rec-id-content_bottom td_uid_30_5d3cc5a7b6c31_rand td_block_template_1\"><img loading=\"lazy\" decoding=\"async\" class=\"aligncenter size-full wp-image-9623\" src=\"https:\/\/www.sidwaya.info\/wp-content\/uploads\/2019\/06\/Projet-bannie%CC%80re-Orange-mobile.jpg\" alt=\"\" width=\"728\" height=\"81\"\/><\/div>\n<p>Auteur: Wamini SIDWAYA<br \/>\n<a href=\"https:\/\/www.sidwaya.info\/blog\/2019\/07\/27\/8eme-tac-le-couple-dexperts-quadrille-les-projets\/\">Cliquez ici pour lire l&rsquo;article depuis sa source.<\/a><\/p>\n","protected":false},"excerpt":{"rendered":"<p>La r\u00e9union des experts de la 8\u00e8me conf\u00e9rence au sommet du Trait\u00e9 d\u2019amiti\u00e9 et de coop\u00e9ration entre le Burkina Faso et la Cote d\u2019Ivoire s\u2019est ouverte le samedi 27 juillet 2019 \u00e0 Ouagadougou. Les rideaux sont lev\u00e9s sur la 8\u00e8me conf\u00e9rence au sommet du Trait\u00e9 d\u2019amiti\u00e9 et de coop\u00e9ration entre le Burkina Faso et la [&hellip;]<\/p>\n","protected":false},"author":1816,"featured_media":0,"comment_status":"closed","ping_status":"closed","sticky":false,"template":"","format":"standard","meta":{"fifu_image_url":"","fifu_image_alt":"","footnotes":""},"categories":[73,81],"tags":[],"class_list":["post-48939","post","type-post","status-publish","format-standard","hentry","category-actualite","category-burkina-faso"],"_links":{"self":[{"href":"https:\/\/linitiative.ca\/International\/wp-json\/wp\/v2\/posts\/48939","targetHints":{"allow":["GET"]}}],"collection":[{"href":"https:\/\/linitiative.ca\/International\/wp-json\/wp\/v2\/posts"}],"about":[{"href":"https:\/\/linitiative.ca\/International\/wp-json\/wp\/v2\/types\/post"}],"author":[{"embeddable":true,"href":"https:\/\/linitiative.ca\/International\/wp-json\/wp\/v2\/users\/1816"}],"replies":[{"embeddable":true,"href":"https:\/\/linitiative.ca\/International\/wp-json\/wp\/v2\/comments?post=48939"}],"version-history":[{"count":0,"href":"https:\/\/linitiative.ca\/International\/wp-json\/wp\/v2\/posts\/48939\/revisions"}],"wp:attachment":[{"href":"https:\/\/linitiative.ca\/International\/wp-json\/wp\/v2\/media?parent=48939"}],"wp:term":[{"taxonomy":"category","embeddable":true,"href":"https:\/\/linitiative.ca\/International\/wp-json\/wp\/v2\/categories?post=48939"},{"taxonomy":"post_tag","embeddable":true,"href":"https:\/\/linitiative.ca\/International\/wp-json\/wp\/v2\/tags?post=48939"}],"curies":[{"name":"wp","href":"https:\/\/api.w.org\/{rel}","templated":true}]}}