{"id":48940,"date":"2019-07-27T11:50:04","date_gmt":"2019-07-27T15:50:04","guid":{"rendered":"https:\/\/linitiative.ca\/International\/a-libramont-laccord-ue-mercosur-pese-sur-le-moral-des-eleveurs-wallons\/"},"modified":"2019-07-27T11:50:04","modified_gmt":"2019-07-27T15:50:04","slug":"a-libramont-laccord-ue-mercosur-pese-sur-le-moral-des-eleveurs-wallons","status":"publish","type":"post","link":"https:\/\/linitiative.ca\/International\/a-libramont-laccord-ue-mercosur-pese-sur-le-moral-des-eleveurs-wallons\/","title":{"rendered":"A Libramont, l\u2019accord UE-Mercosur p\u00e8se sur le moral des \u00e9leveurs wallons"},"content":{"rendered":"<p>A Libramont, en pleine campagne belge, les \u00e9leveurs wallons exhibent leur pr\u00e9cieux b\u00e9tail \u00e0 la traditionnelle foire agricole. Mais cette ann\u00e9e, ils sont inquiets: l\u2019accord de libre-\u00e9change entre l\u2019UE et les pays sud-am\u00e9ricains du Mercosur pourrait mettre \u00e0 mal ce fragile secteur.<\/p>\n<p>Chaque ann\u00e9e, plus de 200.000 personnes convergent en plein \u00e9t\u00e9 dans cette petite commune des Ardennnes belges, \u00e0 l\u2019extr\u00eame sud du pays, pour assister aux concours de bovins \u00e9lev\u00e9s pour leur viande.<\/p>\n<p>On se bouscule pour admirer les Limousines, Charolaises, Blondes d\u2019Aquitaine et les vaches \u2018Blanc, Bleu, Belge\u2019. Or, malgr\u00e9 l\u2019ambiance festive, la peur s\u2019est invit\u00e9e \u00e0 ce rassemblement de quatre jours.<\/p>\n<p>Car fin juin, l\u2019UE a annonc\u00e9, apr\u00e8s 20 ans de n\u00e9gociations, un accord commercial avec les pays du Mercosur (Br\u00e9sil, Argentine, Uruguay, Paraguay), l\u2019un des plus vastes jamais conclus par l\u2019Union, qui a suscit\u00e9 de tr\u00e8s nombreuses et vives critiques.<\/p>\n<p>Les \u00e9leveurs europ\u00e9ens craignent notamment que le boeuf sud-am\u00e9ricain inonde le march\u00e9 europ\u00e9en, et d\u00e9noncent une concurrence d\u00e9loyale en raison des \u00e9carts entre les normes de production qui leur sont impos\u00e9es et ce qui est tol\u00e9r\u00e9 dans le Mercosur.<\/p>\n<p>\u00ab\u00a0On est d\u00e9j\u00e0 \u00e0 la limite de la surproduction dans toute l\u2019Europe et en Wallonie \u00e9galement (\u2026) On n\u2019a absolument pas besoin de viande br\u00e9silienne surtout quand on voit les conditions dans lesquelles cette viande est produite\u00a0\u00bb, pr\u00e9vient Hughes Falys, 49 ans, \u00e9leveur et porte-parole du second syndicat agricole wallon, la FUGEA.<\/p>\n<p>\u2013 \u00ab\u00a0Mauvais accord\u00a0\u00bb \u2013<\/p>\n<p>\u00ab\u00a0Mercosur n\u2019est pas +Oui, peut-\u00eatre+ ou +Oui, si\u2026+, Mercosur est +Non!+!\u00a0\u00bb, lance le ministre r\u00e9gional sous les applaudissements et un soleil de plomb. Une mise en garde qui n\u2019a rien d\u2019anodin: la Wallonie (3,6 millions d\u2019habitants), qui a son mot \u00e0 dire dans la signature d\u2019accords internationaux par la Belgique, pourrait bel et bien r\u00e9sister, comme en 2016.<\/p>\n<p>La r\u00e9gion francophone du sud de la Belgique avait alors bloqu\u00e9 plusieurs jours durant le feu vert belge, n\u00e9cessaire \u00e0 la signature d\u2019un autre trait\u00e9 de libre \u00e9change, le CETA, entre l\u2019UE et le Canada, cette fois.<\/p>\n<p>\u00ab\u00a0Nous avons fait \u00e9voluer le CETA, nous avons fait ins\u00e9rer des clauses de sauvegardes qui sont tr\u00e8s importantes (\u2026) Nous allons \u00eatre d\u2019autant plus vigilants par rapport au Mercosur\u00a0\u00bb, a assur\u00e9 \u00e0 l\u2019AFP M. Collin. Il esp\u00e8re que le Parlement wallon, comme les d\u00e9put\u00e9s belges et le Parlement europ\u00e9en, rejetteront ce \u00ab\u00a0mauvais accord\u00a0\u00bb.<\/p>\n<p>La Commission europ\u00e9enne n\u2019a pour l\u2019instant pas dissip\u00e9 les craintes de ces \u00e9leveurs, malgr\u00e9 deux grandes promesses: une importation limit\u00e9e de viande bovine (99.000 tonnes suppl\u00e9mentaires par an) et la cr\u00e9ation d\u2019une enveloppe d\u2019un milliard d\u2019euros d\u2019aides aux agriculteurs.<\/p>\n<p>\u00ab\u00a0Beaucoup de fermiers \u00e2g\u00e9s trouvent difficilement des repreneurs, surtout pour le b\u00e9tail\u00a0\u00bb, constate B\u00e9atrice Ghyselen, une agricultrice de 61 ans, \u00e0 Vedrin, tout pr\u00e8s de Namur, capitale de la Wallonie.<\/p>\n<p>\u2013 Distribution locale \u2013<\/p>\n<p>\u00ab\u00a0Mes enfants, mes beaux-enfants sont fort int\u00e9ress\u00e9s par les terres de culture, mais ils sont fort sceptiques et pessimistes par rapport \u00e0 la sp\u00e9culation bovine\u00a0\u00bb, observe cette fille d\u2019un des pionniers de l\u2019introduction de Limousines en Belgique et qui en poss\u00e8de actuellement un troupeau de 300.<\/p>\n<p>Certes, les prix de la viande augmentent dans les boucheries, mais \u00ab\u00a0pas de mani\u00e8re proportionnelle\u00a0\u00bb pour les \u00e9leveurs, dont les co\u00fbts de production \u00ab\u00a0ont beaucoup augment\u00e9\u00a0\u00bb, estime-t-elle. Elle plaide pour un meilleur \u00e9tiquetage de l\u2019origine et de la race des viandes.<\/p>\n<p>M. Falys, qui poss\u00e8de 50 Charolaises, pr\u00e9conise quant \u00e0 lui une distribution locale, sans interm\u00e9diaire, pour am\u00e9liorer la r\u00e9mun\u00e9ration des \u00e9leveurs.<\/p>\n<p>Un avis partag\u00e9 par Jean-Luc Pierret, 64 ans, agriculteur bio depuis 1999 \u00e0 Orgeo, tout pr\u00e8s de Libramont, accompagn\u00e9 de son fils Xavier, 38 ans, qui prom\u00e8ne un taureau de race blonde d\u2019Aquitaine, arriv\u00e9 troisi\u00e8me de l\u2019un des concours de la foire, o\u00f9 le jury examine d\u00e9marche, viande et peau du b\u00e9tail.<\/p>\n<p>\u00ab\u00a0Mon ressenti n\u2019est pas bon du tout\u00a0\u00bb, confie Xavier \u00e0 propos de l\u2019avenir du m\u00e9tier. \u00ab\u00a0De ce que je peux voir, l\u2019agriculteur n\u2019est plus le num\u00e9ro un (\u2026) Je souhaite beaucoup de courage aux jeunes\u00a0\u00bb.<\/p>\n<p>Le Mercosur ne sera d\u00e9finitivement ent\u00e9rin\u00e9 qu\u2019apr\u00e8s avoir \u00e9t\u00e9 ratifi\u00e9 par les Parlements de l\u2019ensemble des Etats membres, ce qui devrait prendre deux ans au minimum.<\/p>\n<p>Auteur: AFP<br \/>\n<a href=\"https:\/\/www.journalducameroun.com\/a-libramont-laccord-ue-mercosur-pese-sur-le-moral-des-eleveurs-wallons\/\">Cliquez ici pour lire l&rsquo;article depuis sa source.<\/a><\/p>\n","protected":false},"excerpt":{"rendered":"<p>A Libramont, en pleine campagne belge, les \u00e9leveurs wallons exhibent leur pr\u00e9cieux b\u00e9tail \u00e0 la traditionnelle foire agricole. Mais cette ann\u00e9e, ils sont inquiets: l\u2019accord de libre-\u00e9change entre l\u2019UE et les pays sud-am\u00e9ricains du Mercosur pourrait mettre \u00e0 mal ce fragile secteur. Chaque ann\u00e9e, plus de 200.000 personnes convergent en plein \u00e9t\u00e9 dans cette petite [&hellip;]<\/p>\n","protected":false},"author":1965,"featured_media":0,"comment_status":"closed","ping_status":"closed","sticky":false,"template":"","format":"standard","meta":{"fifu_image_url":"","fifu_image_alt":"","footnotes":""},"categories":[73,82],"tags":[],"class_list":["post-48940","post","type-post","status-publish","format-standard","hentry","category-actualite","category-cameroun"],"_links":{"self":[{"href":"https:\/\/linitiative.ca\/International\/wp-json\/wp\/v2\/posts\/48940","targetHints":{"allow":["GET"]}}],"collection":[{"href":"https:\/\/linitiative.ca\/International\/wp-json\/wp\/v2\/posts"}],"about":[{"href":"https:\/\/linitiative.ca\/International\/wp-json\/wp\/v2\/types\/post"}],"author":[{"embeddable":true,"href":"https:\/\/linitiative.ca\/International\/wp-json\/wp\/v2\/users\/1965"}],"replies":[{"embeddable":true,"href":"https:\/\/linitiative.ca\/International\/wp-json\/wp\/v2\/comments?post=48940"}],"version-history":[{"count":0,"href":"https:\/\/linitiative.ca\/International\/wp-json\/wp\/v2\/posts\/48940\/revisions"}],"wp:attachment":[{"href":"https:\/\/linitiative.ca\/International\/wp-json\/wp\/v2\/media?parent=48940"}],"wp:term":[{"taxonomy":"category","embeddable":true,"href":"https:\/\/linitiative.ca\/International\/wp-json\/wp\/v2\/categories?post=48940"},{"taxonomy":"post_tag","embeddable":true,"href":"https:\/\/linitiative.ca\/International\/wp-json\/wp\/v2\/tags?post=48940"}],"curies":[{"name":"wp","href":"https:\/\/api.w.org\/{rel}","templated":true}]}}