{"id":48941,"date":"2019-07-27T11:50:05","date_gmt":"2019-07-27T15:50:05","guid":{"rendered":"https:\/\/linitiative.ca\/International\/pologne-les-milieux-lgbt-reclament-une-table-ronde-sur-leurs-droits\/"},"modified":"2019-07-27T11:50:05","modified_gmt":"2019-07-27T15:50:05","slug":"pologne-les-milieux-lgbt-reclament-une-table-ronde-sur-leurs-droits","status":"publish","type":"post","link":"https:\/\/linitiative.ca\/International\/pologne-les-milieux-lgbt-reclament-une-table-ronde-sur-leurs-droits\/","title":{"rendered":"Pologne: les milieux LGBT r\u00e9clament une table ronde sur leurs droits"},"content":{"rendered":"<div readability=\"32\">\n<p>Publi\u00e9 le 27.07.2019 \u00e0 16h50 par AFP<\/p>\n<\/div>\n<div readability=\"95\">\n<p>Des organisations polonaises de d\u00e9fense des personnes LGBT ont demand\u00e9 samedi une table ronde sur leurs droits, lors d\u2019une manifestation contre la violence homophobe tenue une semaine apr\u00e8s l\u2019attaque d\u2019ultranationalistes contre une Gay Pride en province.<\/p>\n<p>\u00ab\u00a0Nous proposons une table ronde avec tous les partis et mouvements politiques\u00a0\u00bb, a dit Hubert Sobecki, leader de l\u2019organisation \u00ab\u00a0Milosc nie wyklucza\u00a0\u00bb (L\u2019amour n\u2019exclut pas), devant un millier de personnes r\u00e9unies au pied de la tour stalinienne du Palais de la Culture \u00e0 Varsovie et agitant des drapeaux arc-en-ciel et ceux de l\u2019Union europ\u00e9enne.<\/p>\n<p>L\u2019id\u00e9e d\u2019une table ronde \u00e9voque les n\u00e9gociations historiques de 1989 qui ont conduit \u00e0 la chute du communisme et \u00e0 l\u2019av\u00e8nement de la d\u00e9mocratie en Pologne.<\/p>\n<p>Tant Sobecki, que d\u2019autres orateurs, dirigeants de mouvements anti-fascistes et anti-homophobie, ont critiqu\u00e9 le parti conservateur Droit et Justice (PiS) au pouvoir en Pologne, ainsi que l\u2019Eglise catholique, accus\u00e9s d\u2019encourager l\u2019hostilit\u00e9 \u00e0 l\u2019\u00e9gard des homosexuels au nom de la lutte contre \u00ab\u00a0l\u2019id\u00e9ologie LGBT\u00a0\u00bb.<\/p>\n<p>Ils n\u2019ont pas \u00e9pargn\u00e9 non plus les partis d\u2019opposition, dont la Plateforme Civique (PO, centriste), qui avait dirig\u00e9 la Pologne pendant de longues ann\u00e9es, l\u2019accusant d\u2019indiff\u00e9rence \u00e0 l\u2019\u00e9gard de leur cause.<\/p>\n<p>Sobecki a remis publiquement \u00e0 un d\u00e9put\u00e9 de la PO, Michal Szczerba, une d\u00e9claration adopt\u00e9e en mars par 27 organisations et \u00e9num\u00e9rant des projets de loi destin\u00e9s \u00e0 promouvoir l\u2019\u00e9galit\u00e9 en droit des personnes LGBT (lesbiennes, gays, bisexuels et transgenres).<\/p>\n<p>Les incidents d\u2019il y a une semaine \u00e0 Bialystok (nord-est), accompagn\u00e9s de jets de pierres, de p\u00e9tards et de bouteilles sur les participants \u00e0 la Gay Pride, n\u2019ont pas fait de bless\u00e9s graves, mais des vid\u00e9os montrant des jeunes muscl\u00e9s frapper des adolescents ont soulev\u00e9 une vague d\u2019\u00e9motion dans le pays.<\/p>\n<p>\u00ab\u00a0Je ne suis pas homosexuelle, mais j\u2019ai plusieurs amis LGBT et j\u2019ai senti que mon devoir \u00e9tait d\u2019\u00eatre l\u00e0\u00a0\u00bb, a dit \u00e0 l\u2019AFP Katarzyna, une Varsovienne trentenaire, qui portait un panneau d\u00e9clarant \u00ab\u00a0LGBT c\u2019est nous\u00a0\u00bb.<\/p>\n<p>La manifestation de Varsovie, entour\u00e9e par un important dispositif policier, s\u2019est d\u00e9roul\u00e9e sans incident. Des actions de soutien similaires ont \u00e9t\u00e9 organis\u00e9es samedi dans plusieurs villes de Pologne et un rassemblement national \u00e9tait pr\u00e9vu dimanche \u00e0 Bialystok.<\/p>\n<p>via\/sg<\/p>\n<\/div>\n<p>Auteur: AFP<br \/>\n<a href=\"https:\/\/www.journalducameroun.com\/pologne-les-milieux-lgbt-reclament-une-table-ronde-sur-leurs-droits\/\">Cliquez ici pour lire l&rsquo;article depuis sa source.<\/a><\/p>\n","protected":false},"excerpt":{"rendered":"<p>Publi\u00e9 le 27.07.2019 \u00e0 16h50 par AFP Des organisations polonaises de d\u00e9fense des personnes LGBT ont demand\u00e9 samedi une table ronde sur leurs droits, lors d\u2019une manifestation contre la violence homophobe tenue une semaine apr\u00e8s l\u2019attaque d\u2019ultranationalistes contre une Gay Pride en province. \u00ab\u00a0Nous proposons une table ronde avec tous les partis et mouvements politiques\u00a0\u00bb, [&hellip;]<\/p>\n","protected":false},"author":1965,"featured_media":0,"comment_status":"closed","ping_status":"closed","sticky":false,"template":"","format":"standard","meta":{"fifu_image_url":"","fifu_image_alt":"","footnotes":""},"categories":[73,82],"tags":[],"class_list":["post-48941","post","type-post","status-publish","format-standard","hentry","category-actualite","category-cameroun"],"_links":{"self":[{"href":"https:\/\/linitiative.ca\/International\/wp-json\/wp\/v2\/posts\/48941","targetHints":{"allow":["GET"]}}],"collection":[{"href":"https:\/\/linitiative.ca\/International\/wp-json\/wp\/v2\/posts"}],"about":[{"href":"https:\/\/linitiative.ca\/International\/wp-json\/wp\/v2\/types\/post"}],"author":[{"embeddable":true,"href":"https:\/\/linitiative.ca\/International\/wp-json\/wp\/v2\/users\/1965"}],"replies":[{"embeddable":true,"href":"https:\/\/linitiative.ca\/International\/wp-json\/wp\/v2\/comments?post=48941"}],"version-history":[{"count":0,"href":"https:\/\/linitiative.ca\/International\/wp-json\/wp\/v2\/posts\/48941\/revisions"}],"wp:attachment":[{"href":"https:\/\/linitiative.ca\/International\/wp-json\/wp\/v2\/media?parent=48941"}],"wp:term":[{"taxonomy":"category","embeddable":true,"href":"https:\/\/linitiative.ca\/International\/wp-json\/wp\/v2\/categories?post=48941"},{"taxonomy":"post_tag","embeddable":true,"href":"https:\/\/linitiative.ca\/International\/wp-json\/wp\/v2\/tags?post=48941"}],"curies":[{"name":"wp","href":"https:\/\/api.w.org\/{rel}","templated":true}]}}