{"id":48942,"date":"2019-07-27T11:50:07","date_gmt":"2019-07-27T15:50:07","guid":{"rendered":"https:\/\/linitiative.ca\/International\/soudan-generaux-protestataires-et-rebelles-discutent-de-paix-a-juba\/"},"modified":"2019-07-27T11:50:07","modified_gmt":"2019-07-27T15:50:07","slug":"soudan-generaux-protestataires-et-rebelles-discutent-de-paix-a-juba","status":"publish","type":"post","link":"https:\/\/linitiative.ca\/International\/soudan-generaux-protestataires-et-rebelles-discutent-de-paix-a-juba\/","title":{"rendered":"Soudan: g\u00e9n\u00e9raux, protestataires et rebelles discutent de \u00ab\u00a0paix\u00a0\u00bb \u00e0 Juba"},"content":{"rendered":"<div readability=\"32\">\n<p>Publi\u00e9 le 27.07.2019 \u00e0 16h50 par AFP<\/p>\n<\/div>\n<div readability=\"101\">\n<p>Les g\u00e9n\u00e9raux au pouvoir au Soudan et les meneurs de la contestation, qui ont sign\u00e9 un accord de partage du pouvoir, doivent discuter de \u00ab\u00a0paix\u00a0\u00bb samedi \u00e0 Juba avec les repr\u00e9sentants de groupes rebelles actifs dans les Etats du Kordofan-Sud et du Nil bleu, a-t-on appris de source officielle.<\/p>\n<p>Avec le pr\u00e9sident sud-soudanais Salva Kiir comme m\u00e9diateur, la d\u00e9l\u00e9gation doit \u00ab\u00a0discuter avec des groupes d\u2019opposition (\u2026) pour voir comment nous pouvons mettre en oeuvre le r\u00e9cent accord de paix que nous avons sign\u00e9 \u00e0 Khartoum\u00a0\u00bb, a d\u00e9clar\u00e9 \u00e0 la presse le g\u00e9n\u00e9ral Mohamed Hamdan Daglo, num\u00e9ro deux du Conseil militaire de transition soudanais, \u00e0 son arriv\u00e9e \u00e0 l\u2019a\u00e9roport de la capitale sud-soudanaise.<\/p>\n<p>\u00ab\u00a0Nous esp\u00e9rons qu\u2019ils (les groupes d\u2019opposition) reviendront \u00e0 Khartoum apr\u00e8s notre r\u00e9union afin de restaurer la paix\u00a0\u00bb, a-t-il ajout\u00e9.<\/p>\n<p>Mohamed Hamdan Daglo est accompagn\u00e9 par deux autres g\u00e9n\u00e9raux et deux hauts responsables du mouvement de contestation soudanais, ont indiqu\u00e9 \u00e0 l\u2019AFP des sources au sein du Conseil militaire de transition et au sein des meneurs de la contestation.<\/p>\n<p>Le g\u00e9n\u00e9ral a assur\u00e9 \u00eatre l\u00e0 pour rencontrer notamment Abdelaziz al-Hilu, un chef rebelle du Kordofan-Sud, tandis qu\u2019un journaliste de l\u2019AFP pr\u00e9sent au palais pr\u00e9sidentiel de Juba a vu Malik Agar, un chef rebelle du Nil Bleu, rentrer dans la salle pr\u00e9vue pour les discussions.<\/p>\n<p>Le 17 juillet, les chefs de la contestation et le Conseil militaire qui a succ\u00e9d\u00e9 au pr\u00e9sident d\u00e9chu Omar el-B\u00e9chir \u00e9taient parvenus \u00e0 Khartoum \u00e0 un accord sur le partage du pouvoir, premier pas vers un gouvernement civil, la principale revendication des manifestants.<\/p>\n<p>Mais des groupes rebelles faisant partie du mouvement de contestation avaient exprim\u00e9 des r\u00e9serves concernant cet accord, estimant que des questions cl\u00e9s comme la n\u00e9cessit\u00e9 d\u2019amener la paix dans les zones de conflit (Darfour, Kordofan-Sud et Nil Bleu) et de venir en aide aux \u00ab\u00a0populations vuln\u00e9rables\u00a0\u00bb, n\u2019avaient pas \u00e9t\u00e9 trait\u00e9es.<\/p>\n<p>Ces groupes rebelles et les dirigeants de la contestation ont finalement trouv\u00e9 un accord mercredi \u00e0 Addis Abeba, avec \u00ab\u00a0pour objectif d\u2019\u00e9tablir la paix avec tous les groupes arm\u00e9s\u00a0\u00bb.<\/p>\n<p>Aucun \u00e9l\u00e9ment ne laissait penser samedi que des rebelles du Darfour \u00e9taient repr\u00e9sent\u00e9s \u00e0 Juba. Les raisons de cette apparente absence ne sont pas connues.<\/p>\n<p>Les groupes rebelles ont affront\u00e9 durant des ann\u00e9es les forces de l\u2019ex-pr\u00e9sident soudanais au Darfour, dans le Nil Bleu et dans le Kordofan-Sud. Des dizaines de milliers de personnes ont \u00e9t\u00e9 tu\u00e9es dans ces trois conflits, des millions d\u00e9plac\u00e9es et des centaines de milliers vivent toujours dans des camps.<\/p>\n<p>D\u00e8s qu\u2019un accord de paix sera finalis\u00e9 pour ces zones de conflit, les groupes rebelles souhaitent avoir des repr\u00e9sentants au sein du futur gouvernement de transition. Ils r\u00e9clament aussi l\u2019extradition par le Soudan des personnes accus\u00e9es de crimes par la Cour p\u00e9nale internationale (CPI), notamment Omar el-B\u00e9chir, ce que les g\u00e9n\u00e9raux au pouvoir refusent.<\/p>\n<\/div>\n<p>Auteur: AFP<br \/>\n<a href=\"https:\/\/www.journalducameroun.com\/soudan-generaux-protestataires-et-rebelles-discutent-de-paix-a-juba\/\">Cliquez ici pour lire l&rsquo;article depuis sa source.<\/a><\/p>\n","protected":false},"excerpt":{"rendered":"<p>Publi\u00e9 le 27.07.2019 \u00e0 16h50 par AFP Les g\u00e9n\u00e9raux au pouvoir au Soudan et les meneurs de la contestation, qui ont sign\u00e9 un accord de partage du pouvoir, doivent discuter de \u00ab\u00a0paix\u00a0\u00bb samedi \u00e0 Juba avec les repr\u00e9sentants de groupes rebelles actifs dans les Etats du Kordofan-Sud et du Nil bleu, a-t-on appris de source [&hellip;]<\/p>\n","protected":false},"author":1965,"featured_media":0,"comment_status":"closed","ping_status":"closed","sticky":false,"template":"","format":"standard","meta":{"fifu_image_url":"","fifu_image_alt":"","footnotes":""},"categories":[73,82],"tags":[],"class_list":["post-48942","post","type-post","status-publish","format-standard","hentry","category-actualite","category-cameroun"],"_links":{"self":[{"href":"https:\/\/linitiative.ca\/International\/wp-json\/wp\/v2\/posts\/48942","targetHints":{"allow":["GET"]}}],"collection":[{"href":"https:\/\/linitiative.ca\/International\/wp-json\/wp\/v2\/posts"}],"about":[{"href":"https:\/\/linitiative.ca\/International\/wp-json\/wp\/v2\/types\/post"}],"author":[{"embeddable":true,"href":"https:\/\/linitiative.ca\/International\/wp-json\/wp\/v2\/users\/1965"}],"replies":[{"embeddable":true,"href":"https:\/\/linitiative.ca\/International\/wp-json\/wp\/v2\/comments?post=48942"}],"version-history":[{"count":0,"href":"https:\/\/linitiative.ca\/International\/wp-json\/wp\/v2\/posts\/48942\/revisions"}],"wp:attachment":[{"href":"https:\/\/linitiative.ca\/International\/wp-json\/wp\/v2\/media?parent=48942"}],"wp:term":[{"taxonomy":"category","embeddable":true,"href":"https:\/\/linitiative.ca\/International\/wp-json\/wp\/v2\/categories?post=48942"},{"taxonomy":"post_tag","embeddable":true,"href":"https:\/\/linitiative.ca\/International\/wp-json\/wp\/v2\/tags?post=48942"}],"curies":[{"name":"wp","href":"https:\/\/api.w.org\/{rel}","templated":true}]}}