{"id":48943,"date":"2019-07-27T11:50:08","date_gmt":"2019-07-27T15:50:08","guid":{"rendered":"https:\/\/linitiative.ca\/International\/rdc-un-pro-kabila-elu-au-senat-son-second-battu\/"},"modified":"2019-07-27T11:50:08","modified_gmt":"2019-07-27T15:50:08","slug":"rdc-un-pro-kabila-elu-au-senat-son-second-battu","status":"publish","type":"post","link":"https:\/\/linitiative.ca\/International\/rdc-un-pro-kabila-elu-au-senat-son-second-battu\/","title":{"rendered":"RDC: un pro-Kabila \u00e9lu au S\u00e9nat, son second battu"},"content":{"rendered":"<div readability=\"32\">\n<p>Publi\u00e9 le 27.07.2019 \u00e0 16h50 par AFP<\/p>\n<\/div>\n<div readability=\"85\">\n<p>Le candidat de l\u2019ex-pr\u00e9sident congolais Joseph Kabila a \u00e9t\u00e9 \u00e9lu samedi plus difficilement que pr\u00e9vu \u00e0 la pr\u00e9sidence du S\u00e9nat en R\u00e9publique d\u00e9mocratique du Congo, o\u00f9 son second a \u00e9t\u00e9 s\u00e8chement battu.<\/p>\n<p>L\u2019ancien ministre de la Justice Alexis Thambwe Mwamba n\u2019a obtenu que 65 voix contre 43 \u00e0 son adversaire, le dissident Modeste Bahati Lukwebo.<\/p>\n<p>M. Thambwe Mwamba est le candidat du Front commun pour le Congo (FCC), la coalition politique de M. Kabila, qui disposait de 90 si\u00e8ges sur 108 selon le r\u00e9sultat des \u00e9lections s\u00e9natoriales du mois de mars.<\/p>\n<p>Avant le scrutin, le FCC avait radi\u00e9 de ses rangs M. Bahati Lukwebo, pour avoir maintenu sa candidature. Son propre regroupement AFDC-A revendique 13 si\u00e8ges au S\u00e9nat.<\/p>\n<p>Certains s\u00e9nateurs FCC pro-Kabila auraient donc vot\u00e9 pour le candidat dissident Bahati.<\/p>\n<p>Le candidat pro-Kabila au poste de la premi\u00e8re vice-pr\u00e9sidence, l\u2019ex-ministre de l\u2019Int\u00e9rieur Evariste Boshab, a, lui, \u00e9t\u00e9 platement battu par l\u2019ancien Premier ministre Samy Badibanga (60 voix contre 34).<\/p>\n<p>Ancien proche de l\u2019actuel pr\u00e9sident de la R\u00e9publique F\u00e9lix Tshisekedi, M. Badibanga a \u00e9t\u00e9 bri\u00e8vement Premier ministre sous Joseph Kabila (2016-2017). Il a \u00e9t\u00e9 candidat \u00e0 l\u2019\u00e9lection pr\u00e9sidentielle du 30 d\u00e9cembre.<\/p>\n<p>M. Boshab est l\u2019une des 14 personnalit\u00e9s congolaises toujours sous sanction de l\u2019Union europ\u00e9enne (UE) pour entrave au processus \u00e9lectoral dans les derni\u00e8res ann\u00e9es du r\u00e9gime Kabila (2016-2018).<\/p>\n<p>S\u00e9nateur \u00e0 vie selon la Constitution en tant qu\u2019ancien pr\u00e9sident de la R\u00e9publique, M. Kabila n\u2019\u00e9tait pas pr\u00e9sent au moment du vote au S\u00e9nat.<\/p>\n<p>M. Kabila a transmis le 24 janvier la charge de chef de l\u2019Etat \u00e0 F\u00e9lix Tshisekedi, proclam\u00e9 vainqueur de l\u2019\u00e9lection pr\u00e9sidentielle.<\/p>\n<p>Le FCC de M. Kabila contr\u00f4le n\u00e9anmoins l\u2019Assembl\u00e9e nationale, le S\u00e9nat, et une majorit\u00e9 des 26 Assembl\u00e9es et gouvernorats provinciaux.<\/p>\n<p>Les forces de MM. Tshisekedi et Kabila ont annonc\u00e9 vendredi la conclusion d\u2019un accord pour la formation d\u2019un gouvernement de coalition apr\u00e8s six mois de pourparlers.<\/p>\n<\/div>\n<p>Auteur: AFP<br \/>\n<a href=\"https:\/\/www.journalducameroun.com\/rdc-un-pro-kabila-elu-au-senat-son-second-battu\/\">Cliquez ici pour lire l&rsquo;article depuis sa source.<\/a><\/p>\n","protected":false},"excerpt":{"rendered":"<p>Publi\u00e9 le 27.07.2019 \u00e0 16h50 par AFP Le candidat de l\u2019ex-pr\u00e9sident congolais Joseph Kabila a \u00e9t\u00e9 \u00e9lu samedi plus difficilement que pr\u00e9vu \u00e0 la pr\u00e9sidence du S\u00e9nat en R\u00e9publique d\u00e9mocratique du Congo, o\u00f9 son second a \u00e9t\u00e9 s\u00e8chement battu. L\u2019ancien ministre de la Justice Alexis Thambwe Mwamba n\u2019a obtenu que 65 voix contre 43 \u00e0 [&hellip;]<\/p>\n","protected":false},"author":1965,"featured_media":0,"comment_status":"closed","ping_status":"closed","sticky":false,"template":"","format":"standard","meta":{"fifu_image_url":"","fifu_image_alt":"","footnotes":""},"categories":[73,82],"tags":[],"class_list":["post-48943","post","type-post","status-publish","format-standard","hentry","category-actualite","category-cameroun"],"_links":{"self":[{"href":"https:\/\/linitiative.ca\/International\/wp-json\/wp\/v2\/posts\/48943","targetHints":{"allow":["GET"]}}],"collection":[{"href":"https:\/\/linitiative.ca\/International\/wp-json\/wp\/v2\/posts"}],"about":[{"href":"https:\/\/linitiative.ca\/International\/wp-json\/wp\/v2\/types\/post"}],"author":[{"embeddable":true,"href":"https:\/\/linitiative.ca\/International\/wp-json\/wp\/v2\/users\/1965"}],"replies":[{"embeddable":true,"href":"https:\/\/linitiative.ca\/International\/wp-json\/wp\/v2\/comments?post=48943"}],"version-history":[{"count":0,"href":"https:\/\/linitiative.ca\/International\/wp-json\/wp\/v2\/posts\/48943\/revisions"}],"wp:attachment":[{"href":"https:\/\/linitiative.ca\/International\/wp-json\/wp\/v2\/media?parent=48943"}],"wp:term":[{"taxonomy":"category","embeddable":true,"href":"https:\/\/linitiative.ca\/International\/wp-json\/wp\/v2\/categories?post=48943"},{"taxonomy":"post_tag","embeddable":true,"href":"https:\/\/linitiative.ca\/International\/wp-json\/wp\/v2\/tags?post=48943"}],"curies":[{"name":"wp","href":"https:\/\/api.w.org\/{rel}","templated":true}]}}