{"id":48946,"date":"2019-07-27T12:50:04","date_gmt":"2019-07-27T16:50:04","guid":{"rendered":"https:\/\/linitiative.ca\/International\/tunisie-les-femmes-au-premier-rang-pour-dire-adieu-au-president-2\/"},"modified":"2019-07-27T12:50:04","modified_gmt":"2019-07-27T16:50:04","slug":"tunisie-les-femmes-au-premier-rang-pour-dire-adieu-au-president-2","status":"publish","type":"post","link":"https:\/\/linitiative.ca\/International\/tunisie-les-femmes-au-premier-rang-pour-dire-adieu-au-president-2\/","title":{"rendered":"Tunisie: les femmes au premier rang pour dire adieu au pr\u00e9sident"},"content":{"rendered":"<div readability=\"32\">\n<p>Publi\u00e9 le 27.07.2019 \u00e0 17h50 par AFP<\/p>\n<\/div>\n<div readability=\"129\">\n<p>\u00ab\u00a0J\u2019aime cet homme qui a su prot\u00e9ger les droits de la femme\u00a0\u00bb. Comme Donia, une Tunisienne venue rendre hommage au pr\u00e9sident B\u00e9ji Ca\u00efd Essebsi devant le cimeti\u00e8re du Djellaz \u00e0 Tunis, les femmes \u00e9taient au premier rang dans la foule qui l\u2019a accompagn\u00e9 vers sa derni\u00e8re demeure.<\/p>\n<p>\u00ab\u00a0Aujourd\u2019hui c\u2019est un jour triste, un grand jour\u00a0\u00bb, a lanc\u00e9 Amira, qui a patient\u00e9 depuis le matin, comme des milliers d\u2019autres Tunisiens, au cimeti\u00e8re o\u00f9 le cort\u00e8ge est arriv\u00e9 au son de la fanfare vers 14H30 (13H30 GMT).<\/p>\n<p>\u00ab\u00a0Adieu fils de Tunis! repose en paix\u00a0\u00bb, crie de son c\u00f4t\u00e9 Fatma, 59 ans, prise par l\u2019\u00e9motion en apercevant le cercueil envelopp\u00e9 du drapeau tunisien.<\/p>\n<p>Pour cette enseignante, \u00ab\u00a0c\u2019est B\u00e9ji qui a mis le pays sur le bon chemin, qui a honor\u00e9 le pays, de son vivant comme dans sa mort\u00a0\u00bb.<\/p>\n<p>\u00ab\u00a0Nous avons vraiment perdu un grand homme,\u00a0\u00bb rench\u00e9rit Donia Abouda, arborant dans sa main une rose rouge et en haut de sa robe noire un petit portrait du pr\u00e9sident tunisien.<\/p>\n<p>\u00ab\u00a0J\u2019ai bien peur que les droits et les acquis de la femme soient menac\u00e9s apr\u00e8s sa mort, jesp\u00e8re qu\u2019on aura un pr\u00e9sident comme lui mais je doute fort\u00a0\u00bb, s\u2019inqui\u00e8te cette Tunisienne de 39 ans.<\/p>\n<p>\u2013 \u2018consid\u00e9ration pour les femmes\u2019 \u2013<\/p>\n<p>Comme Donia, de nombreuses femmes de tous \u00e2ge sont au premier rang de la foule, bravant la chaleur des heures durant pour saluer un pr\u00e9sident \u00ab\u00a0qui avait une grande consid\u00e9ration pour les femmes\u00a0\u00bb.<\/p>\n<p>\u00ab\u00a0J\u2019ai vot\u00e9 pour lui en 2014 et j\u2019\u00e9tais pr\u00eate \u00e0 lui donner ma voix une autre fois!\u00a0\u00bb, d\u00e9clare Mounira Nougatef, 47 ans.<\/p>\n<p>D\u00e9c\u00e9d\u00e9 jeudi \u00e0 92 ans, le pr\u00e9sident tunisien a soutenu pendant sa carri\u00e8re politique de nombreuses mesures importantes en faveur de l\u2019\u00e9galit\u00e9 entre les femmes et les hommes, dans la lign\u00e9e de son mentor Habib Bourguiba, premier pr\u00e9sident de la Tunisie ind\u00e9pendante.<\/p>\n<p>Il n\u2019\u00e9tait pas \u00ab\u00a0f\u00e9ministe\u00a0\u00bb, mais \u00ab\u00a0il laisse un bilan tr\u00e8s fort en mati\u00e8re de droits des femmes\u00a0\u00bb, consid\u00e8re Yosra Frawes, pr\u00e9sidente de l\u2019Association tunisienne des femmes d\u00e9mocrates (ATFD). \u00ab\u00a0Il y a plusieurs points lumineux qui resteront dans l\u2019histoire\u00a0\u00bb.<\/p>\n<p>Lorsqu\u2019il \u00e9tait Premier ministre en 2011, B\u00e9ji Ca\u00efd Essebsi a lev\u00e9 les r\u00e9serves de la Tunisie \u00e0 l\u2019\u00e9gard de la Convention de l\u2019ONU sur l\u2019\u00e9limination des discrimination \u00e0 l\u2019\u00e9gard des femmes. C\u2019est le point de d\u00e9part de nombreuses \u00e9volutions, dont une loi contre les violences faites aux femmes.<\/p>\n<p>Depuis septembre 2017, les femmes tunisiennes de confession musulmane peuvent se marier avec des non-musulmans.<\/p>\n<p>Il avait constitu\u00e9 en ao\u00fbt 2017 une commission pr\u00e9sidentielle charg\u00e9e de traduire dans la loi l\u2019\u00e9galit\u00e9 consacr\u00e9e par la Constitution de 2014, adopt\u00e9e dans la foul\u00e9e de la R\u00e9volution ayant mis fin \u00e0 la dictature.<\/p>\n<p>Un projet de loi in\u00e9dit dans le monde arabe sur l\u2019\u00e9galit\u00e9 successorale, a \u00e9t\u00e9 pr\u00e9sent\u00e9 \u00e0 sa demande au Parlement, mais n\u2019est jamais arriv\u00e9 jusqu\u2019\u00e0 la pl\u00e9ni\u00e8re.<\/p>\n<p>Ce texte, r\u00e9clam\u00e9 de longue date par la soci\u00e9t\u00e9 civile, aurait d\u00e9rog\u00e9 \u00e0 un principe inspir\u00e9 du Coran et en vigueur dans la plupart des pays musulmans selon lequel un homme h\u00e9rite le double d\u2019une femme du m\u00eame degr\u00e9 de parent\u00e9.<\/p>\n<p>\u00ab\u00a0C\u2019est \u00e0 nous maintenant de prendre la suite, et continuer pour faire vivre son h\u00e9ritage\u00a0\u00bb, estime Farah, une architecte quadrag\u00e9naire venue saluer le pr\u00e9sident d\u00e9funt au pied d\u2019une statue de Bourguiba.<\/p>\n<\/div>\n<p>Auteur: AFP<br \/>\n<a href=\"https:\/\/www.journalducameroun.com\/tunisie-les-femmes-au-premier-rang-pour-dire-adieu-au-president-2\/\">Cliquez ici pour lire l&rsquo;article depuis sa source.<\/a><\/p>\n","protected":false},"excerpt":{"rendered":"<p>Publi\u00e9 le 27.07.2019 \u00e0 17h50 par AFP \u00ab\u00a0J\u2019aime cet homme qui a su prot\u00e9ger les droits de la femme\u00a0\u00bb. Comme Donia, une Tunisienne venue rendre hommage au pr\u00e9sident B\u00e9ji Ca\u00efd Essebsi devant le cimeti\u00e8re du Djellaz \u00e0 Tunis, les femmes \u00e9taient au premier rang dans la foule qui l\u2019a accompagn\u00e9 vers sa derni\u00e8re demeure. \u00ab\u00a0Aujourd\u2019hui [&hellip;]<\/p>\n","protected":false},"author":1965,"featured_media":0,"comment_status":"closed","ping_status":"closed","sticky":false,"template":"","format":"standard","meta":{"fifu_image_url":"","fifu_image_alt":"","footnotes":""},"categories":[73,82],"tags":[],"class_list":["post-48946","post","type-post","status-publish","format-standard","hentry","category-actualite","category-cameroun"],"_links":{"self":[{"href":"https:\/\/linitiative.ca\/International\/wp-json\/wp\/v2\/posts\/48946","targetHints":{"allow":["GET"]}}],"collection":[{"href":"https:\/\/linitiative.ca\/International\/wp-json\/wp\/v2\/posts"}],"about":[{"href":"https:\/\/linitiative.ca\/International\/wp-json\/wp\/v2\/types\/post"}],"author":[{"embeddable":true,"href":"https:\/\/linitiative.ca\/International\/wp-json\/wp\/v2\/users\/1965"}],"replies":[{"embeddable":true,"href":"https:\/\/linitiative.ca\/International\/wp-json\/wp\/v2\/comments?post=48946"}],"version-history":[{"count":0,"href":"https:\/\/linitiative.ca\/International\/wp-json\/wp\/v2\/posts\/48946\/revisions"}],"wp:attachment":[{"href":"https:\/\/linitiative.ca\/International\/wp-json\/wp\/v2\/media?parent=48946"}],"wp:term":[{"taxonomy":"category","embeddable":true,"href":"https:\/\/linitiative.ca\/International\/wp-json\/wp\/v2\/categories?post=48946"},{"taxonomy":"post_tag","embeddable":true,"href":"https:\/\/linitiative.ca\/International\/wp-json\/wp\/v2\/tags?post=48946"}],"curies":[{"name":"wp","href":"https:\/\/api.w.org\/{rel}","templated":true}]}}