{"id":48947,"date":"2019-07-27T13:50:01","date_gmt":"2019-07-27T17:50:01","guid":{"rendered":"https:\/\/linitiative.ca\/International\/la-canicule-se-deplace-les-pays-nordiques-en-surchauffe\/"},"modified":"2019-07-27T13:50:01","modified_gmt":"2019-07-27T17:50:01","slug":"la-canicule-se-deplace-les-pays-nordiques-en-surchauffe","status":"publish","type":"post","link":"https:\/\/linitiative.ca\/International\/la-canicule-se-deplace-les-pays-nordiques-en-surchauffe\/","title":{"rendered":"La canicule se d\u00e9place, les pays nordiques en surchauffe"},"content":{"rendered":"<div readability=\"32\">\n<p>Publi\u00e9 le 27.07.2019 \u00e0 18h50 par AFP<\/p>\n<\/div>\n<div readability=\"83\">\n<p>Les pays nordiques enregistrent des temp\u00e9ratures accablantes alors que la canicule historique qui frappe l\u2019Europe se d\u00e9place vers le Nord, cr\u00e9ant dans certaines zones des \u00ab\u00a0nuits tropicales\u00a0\u00bb, a annonc\u00e9 samedi l\u2019Institut m\u00e9t\u00e9orologique et hydrologique su\u00e9dois.<\/p>\n<p>En Su\u00e8de, c\u2019est m\u00eame le nord du pays qui est touch\u00e9 de plein fouet par une chaleur extr\u00eame.<\/p>\n<p>La petite ville de Markusvinsa (nord) a atteint vendredi un record de 34,8 degr\u00e9s Celsius, la temp\u00e9rature la plus \u00e9lev\u00e9e constat\u00e9e en Su\u00e8de cette ann\u00e9e.<\/p>\n<p>\u00ab\u00a0Il s\u2019agit de la temp\u00e9rature la plus chaude dans le grand nord depuis 1945, et c\u2019est la troisi\u00e8me temp\u00e9rature la plus haute dont on ait trace\u00a0\u00bb, a d\u00e9clar\u00e9 \u00e0 l\u2019AFP le m\u00e9t\u00e9orologue du SMHI Jon Jorpeland.<\/p>\n<p>En d\u00e9but de semaine, plusieurs endroits de Su\u00e8de ont subi des \u00ab\u00a0nuits tropicales\u00a0\u00bb, c\u2019est-\u00e0-dire o\u00f9 la temp\u00e9rature nocturne ne descend \u00e0 aucun moment sous les 20\u00b0C.<\/p>\n<p>Selon Jon Jorpeland, les temp\u00e9ratures n\u2019ont pas \u00e9t\u00e9 extr\u00eames dans le sud de la Su\u00e8de et il n\u2019est pas inhabituel d\u2019atteindre 30 degr\u00e9s quelques jours par an dans le pays, m\u00eame si les temp\u00e9ratures actuelles sont au-dessus de la moyenne.<\/p>\n<p>Le SMHI a mis en garde contre des risques de p\u00e9nuries d\u2019eau en ao\u00fbt dans 15 des 21 comt\u00e9s du pays.<\/p>\n<p>La vague de chaleur a aussi \u00e9t\u00e9 ressentie dans d\u2019autres pays nordiques. L\u2019Institut m\u00e9t\u00e9orologique de Norv\u00e8ge a dit samedi avoir enregistr\u00e9 des \u00ab\u00a0nuits tropicales\u00a0\u00bb dans 20 endroits diff\u00e9rents du sud de la Norv\u00e8ge.<\/p>\n<p>Des alertes canicule ont \u00e9t\u00e9 diffus\u00e9es en Su\u00e8de, Norv\u00e8ge et Finlande. La police finlandaise a m\u00eame exhort\u00e9 en d\u00e9but de semaine les automobilistes \u00e0 faire attention aux \u00e9lans, de plus en plus nombreux \u00e0 traverser les routes pour trouver de l\u2019eau et se d\u00e9salt\u00e9rer.<\/p>\n<p>L\u2019Organisation m\u00e9t\u00e9orologique mondiale (OMM) pr\u00e9voit que les flux atmosph\u00e9riques vont transporter la chaleur de l\u2019Europe vers le Groenland, \u00ab\u00a0avec pour effet une augmentation des temp\u00e9ratures et une acc\u00e9l\u00e9ration de la fonte\u00a0\u00bb des glaces.<\/p>\n<p>Les pr\u00e9visions actuelles indiquent que la fonte des glaces pourrait atteindre les records de 2012, ajoute l\u2019OMM qui cite des scientifiques de l\u2019Institut m\u00e9t\u00e9orologique danois.<\/p>\n<\/div>\n<p>Auteur: AFP<br \/>\n<a href=\"https:\/\/www.journalducameroun.com\/la-canicule-se-deplace-les-pays-nordiques-en-surchauffe\/\">Cliquez ici pour lire l&rsquo;article depuis sa source.<\/a><\/p>\n","protected":false},"excerpt":{"rendered":"<p>Publi\u00e9 le 27.07.2019 \u00e0 18h50 par AFP Les pays nordiques enregistrent des temp\u00e9ratures accablantes alors que la canicule historique qui frappe l\u2019Europe se d\u00e9place vers le Nord, cr\u00e9ant dans certaines zones des \u00ab\u00a0nuits tropicales\u00a0\u00bb, a annonc\u00e9 samedi l\u2019Institut m\u00e9t\u00e9orologique et hydrologique su\u00e9dois. En Su\u00e8de, c\u2019est m\u00eame le nord du pays qui est touch\u00e9 de plein [&hellip;]<\/p>\n","protected":false},"author":1965,"featured_media":0,"comment_status":"closed","ping_status":"closed","sticky":false,"template":"","format":"standard","meta":{"fifu_image_url":"","fifu_image_alt":"","footnotes":""},"categories":[73,82],"tags":[],"class_list":["post-48947","post","type-post","status-publish","format-standard","hentry","category-actualite","category-cameroun"],"_links":{"self":[{"href":"https:\/\/linitiative.ca\/International\/wp-json\/wp\/v2\/posts\/48947","targetHints":{"allow":["GET"]}}],"collection":[{"href":"https:\/\/linitiative.ca\/International\/wp-json\/wp\/v2\/posts"}],"about":[{"href":"https:\/\/linitiative.ca\/International\/wp-json\/wp\/v2\/types\/post"}],"author":[{"embeddable":true,"href":"https:\/\/linitiative.ca\/International\/wp-json\/wp\/v2\/users\/1965"}],"replies":[{"embeddable":true,"href":"https:\/\/linitiative.ca\/International\/wp-json\/wp\/v2\/comments?post=48947"}],"version-history":[{"count":0,"href":"https:\/\/linitiative.ca\/International\/wp-json\/wp\/v2\/posts\/48947\/revisions"}],"wp:attachment":[{"href":"https:\/\/linitiative.ca\/International\/wp-json\/wp\/v2\/media?parent=48947"}],"wp:term":[{"taxonomy":"category","embeddable":true,"href":"https:\/\/linitiative.ca\/International\/wp-json\/wp\/v2\/categories?post=48947"},{"taxonomy":"post_tag","embeddable":true,"href":"https:\/\/linitiative.ca\/International\/wp-json\/wp\/v2\/tags?post=48947"}],"curies":[{"name":"wp","href":"https:\/\/api.w.org\/{rel}","templated":true}]}}