{"id":48948,"date":"2019-07-27T13:50:03","date_gmt":"2019-07-27T17:50:03","guid":{"rendered":"https:\/\/linitiative.ca\/International\/soudan-des-paramilitaires-impliques-dans-la-dispersion-du-sit-in-selon-une-enquete\/"},"modified":"2019-07-27T13:50:03","modified_gmt":"2019-07-27T17:50:03","slug":"soudan-des-paramilitaires-impliques-dans-la-dispersion-du-sit-in-selon-une-enquete","status":"publish","type":"post","link":"https:\/\/linitiative.ca\/International\/soudan-des-paramilitaires-impliques-dans-la-dispersion-du-sit-in-selon-une-enquete\/","title":{"rendered":"Soudan: des paramilitaires impliqu\u00e9s dans la dispersion du sit-in selon une enqu\u00eate"},"content":{"rendered":"<div readability=\"32\">\n<p>Publi\u00e9 le 27.07.2019 \u00e0 18h50 par AFP<\/p>\n<\/div>\n<div readability=\"144\">\n<p>Une enqu\u00eate officielle sur la r\u00e9pression brutale d\u2019un sit-in de manifestants en juin \u00e0 Khartoum a conclu samedi \u00e0 l\u2019implication des paramilitaires d\u2019une force redout\u00e9e au Soudan dans ce drame qui avait fait des dizaines de morts et provoqu\u00e9 un toll\u00e9 international.<\/p>\n<p>Ce sit-in, install\u00e9 devant le QG de l\u2019arm\u00e9e depuis le 6 avril, a \u00e9t\u00e9 l\u2019\u00e9picentre du mouvement de protestation d\u00e9clench\u00e9 en d\u00e9cembre 2018 au Soudan, initialement contre le triplement du prix du pain, avant de se transformer en contestation contre le r\u00e9gime d\u2019Omar el-B\u00e9chir d\u00e9chu et arr\u00eat\u00e9 par l\u2019arm\u00e9e le 11 avril.<\/p>\n<p>Le 3 juin, des hommes arm\u00e9s en tenue militaire ont lanc\u00e9 un raid contre ce campement de la contestation qui r\u00e9clamait un pouvoir civil, frappant et tirant sur les manifestants. 127 manifestants ont \u00e9t\u00e9 tu\u00e9s et des centaines bless\u00e9s selon un comit\u00e9 de m\u00e9decins proche de la contestation. Les autorit\u00e9s ont donn\u00e9 des bilans bien moins \u00e9lev\u00e9s.<\/p>\n<p>Manifestants et ONG ont accus\u00e9 les Forces de soutien rapide (RSF). Mais le num\u00e9ro deux du Conseil militaire au pouvoir, Mohammed Hamdan Daglo, \u00e9galement commandant des RSF, a ni\u00e9 toute responsabilit\u00e9 de ses forces consid\u00e9r\u00e9es comme un avatar des milices arabes Janjawid qui avaient terroris\u00e9 le Darfour (ouest) en conflit.<\/p>\n<p>Une commission d\u2019enqu\u00eate sur la dispersion du sit-in a \u00e9t\u00e9 ensuite annonc\u00e9e par le Conseil militaire de transition, qui a succ\u00e9d\u00e9 \u00e0 M. B\u00e9chir.<\/p>\n<p>Lors d\u2019une conf\u00e9rence de presse samedi, Farah al-Rahmane Sa\u00efd, \u00e0 la t\u00eate de cette commission, a affirm\u00e9 que le Conseil militaire avait ordonn\u00e9 aux RSF d\u2019\u00e9vacuer un secteur appel\u00e9 \u00ab\u00a0Colombia\u00a0\u00bb, situ\u00e9 non loin du sit-in.<\/p>\n<p>Mais, a-t-il ajout\u00e9, un g\u00e9n\u00e9ral des RSF a ordonn\u00e9 \u00e0 un colonel de disperser le sit-in: \u00ab\u00a0ils ont d\u00e9sob\u00e9i\u00a0\u00bb. Ils ont demand\u00e9 aux membres des RSF de se rendre \u00ab\u00a0jusqu\u2019au sit-in et leur ont donn\u00e9 l\u2019ordre de descendre de leurs v\u00e9hicules et de chasser les manifestants\u00a0\u00bb.<\/p>\n<p>M. Sa\u00efd a identifi\u00e9 le g\u00e9n\u00e9ral et le colonel respectivement par leurs initiales, A.S.A et A.A.M.<\/p>\n<p>\u2013 Ils ont \u00ab\u00a0d\u00e9sob\u00e9i\u00a0\u00bb \u2013<\/p>\n<p>\u00ab\u00a0Il est clair pour la commission que le g\u00e9n\u00e9ral a ordonn\u00e9 au colonel d\u2019envoyer des forces anti-\u00e9meutes des RSF\u00a0\u00bb sur les lieux du sit-in, a-t-il poursuivi.<\/p>\n<p>Les g\u00e9n\u00e9raux au pouvoir avaient affirm\u00e9 ne pas avoir ordonn\u00e9 la dispersion du sit-in mais qu\u2019ils avaient demand\u00e9 aux forces de s\u00e9curit\u00e9 d\u2019intervenir \u00e0 \u00ab\u00a0Colombia\u00a0\u00bb pour chasser des \u00e9l\u00e9ments \u00ab\u00a0criminels\u00a0\u00bb.<\/p>\n<p>\u00ab\u00a0Le secteur Colombia \u00e9tait devenu une menace pour la s\u00e9curit\u00e9, et cela a contraint les autorit\u00e9s \u00e0 prendre les mesures appropri\u00e9es pour nettoyer\u00a0\u00bb la zone, a indiqu\u00e9 M. Sa\u00efd.<\/p>\n<p>Selon lui, un capitaine des RSF, identifi\u00e9 par les initiales H.B.A et impliqu\u00e9 dans l\u2019op\u00e9ration \u00ab\u00a0Colombia\u00a0\u00bb, avait ensuite re\u00e7u l\u2019ordre d\u2019aller disperser le sit-in.<\/p>\n<p>Des forces \u00ab\u00a0ont d\u00e9sob\u00e9i aux ordres et p\u00e9n\u00e9tr\u00e9 la zone du sit-in\u00a0\u00bb. \u00ab\u00a0Elles ont enlev\u00e9 les barricades, fait usage de gaz lacrymog\u00e8ne et tir\u00e9 \u00e0 l\u2019aveuglette, faisant des morts et des bless\u00e9s parmi les manifestants et br\u00fblant des tentes\u00a0\u00bb, a-t-il soulign\u00e9.<\/p>\n<p>Apr\u00e8s la dispersion du sit-in, la r\u00e9pression s\u2019est poursuivie pendant plusieurs jours pour emp\u00eacher tout rassemblement.<\/p>\n<p>\u2013 Discussions \u00e0 Juba \u2013<\/p>\n<p>Depuis d\u00e9cembre, la r\u00e9pression a fait 246 morts, y compris les 127 manifestants tu\u00e9s le 3 juin, selon le comit\u00e9 de m\u00e9decins.<\/p>\n<p>Apr\u00e8s la destitution de M. B\u00e9chir, la contestation s\u2019est poursuivie pour r\u00e9clamer un pouvoir civil.<\/p>\n<p>Le 17 juillet, apr\u00e8s des n\u00e9gociations difficiles, le Conseil militaire et les chefs de la contestation ont conclu un accord crucial sur le partage du pouvoir, pr\u00e9voyant la formation d\u2019un Conseil souverain compos\u00e9 de cinq militaires et six civils qui m\u00e8nera pendant un peu plus de trois ans la transition.<\/p>\n<p>Samedi, les g\u00e9n\u00e9raux soudanais et les meneurs de la contestation devaient discuter de \u00ab\u00a0paix\u00a0\u00bb \u00e0 Juba avec les repr\u00e9sentants de groupes rebelles actifs dans les Etats du Kordofan-Sud et du Nil bleu.<\/p>\n<p>Des groupes rebelles faisant partie de la contestation avaient exprim\u00e9 des r\u00e9serves sur l\u2019accord du 17 juillet, estimant que des questions cl\u00e9s comme la n\u00e9cessit\u00e9 de r\u00e9tablir la paix dans les zones de conflit et de venir en aide aux \u00ab\u00a0populations vuln\u00e9rables\u00a0\u00bb, n\u2019avaient pas \u00e9t\u00e9 trait\u00e9es.<\/p>\n<\/div>\n<p>Auteur: AFP<br \/>\n<a href=\"https:\/\/www.journalducameroun.com\/soudan-des-paramilitaires-impliques-dans-la-dispersion-du-sit-in-selon-une-enquete\/\">Cliquez ici pour lire l&rsquo;article depuis sa source.<\/a><\/p>\n","protected":false},"excerpt":{"rendered":"<p>Publi\u00e9 le 27.07.2019 \u00e0 18h50 par AFP Une enqu\u00eate officielle sur la r\u00e9pression brutale d\u2019un sit-in de manifestants en juin \u00e0 Khartoum a conclu samedi \u00e0 l\u2019implication des paramilitaires d\u2019une force redout\u00e9e au Soudan dans ce drame qui avait fait des dizaines de morts et provoqu\u00e9 un toll\u00e9 international. Ce sit-in, install\u00e9 devant le QG [&hellip;]<\/p>\n","protected":false},"author":1965,"featured_media":0,"comment_status":"closed","ping_status":"closed","sticky":false,"template":"","format":"standard","meta":{"fifu_image_url":"","fifu_image_alt":"","footnotes":""},"categories":[73,82],"tags":[],"class_list":["post-48948","post","type-post","status-publish","format-standard","hentry","category-actualite","category-cameroun"],"_links":{"self":[{"href":"https:\/\/linitiative.ca\/International\/wp-json\/wp\/v2\/posts\/48948","targetHints":{"allow":["GET"]}}],"collection":[{"href":"https:\/\/linitiative.ca\/International\/wp-json\/wp\/v2\/posts"}],"about":[{"href":"https:\/\/linitiative.ca\/International\/wp-json\/wp\/v2\/types\/post"}],"author":[{"embeddable":true,"href":"https:\/\/linitiative.ca\/International\/wp-json\/wp\/v2\/users\/1965"}],"replies":[{"embeddable":true,"href":"https:\/\/linitiative.ca\/International\/wp-json\/wp\/v2\/comments?post=48948"}],"version-history":[{"count":0,"href":"https:\/\/linitiative.ca\/International\/wp-json\/wp\/v2\/posts\/48948\/revisions"}],"wp:attachment":[{"href":"https:\/\/linitiative.ca\/International\/wp-json\/wp\/v2\/media?parent=48948"}],"wp:term":[{"taxonomy":"category","embeddable":true,"href":"https:\/\/linitiative.ca\/International\/wp-json\/wp\/v2\/categories?post=48948"},{"taxonomy":"post_tag","embeddable":true,"href":"https:\/\/linitiative.ca\/International\/wp-json\/wp\/v2\/tags?post=48948"}],"curies":[{"name":"wp","href":"https:\/\/api.w.org\/{rel}","templated":true}]}}