{"id":48949,"date":"2019-07-27T17:16:51","date_gmt":"2019-07-27T21:16:51","guid":{"rendered":"https:\/\/linitiative.ca\/International\/vih-sida-le-cameroun-deuxieme-pays-le-plus-touche-en-afrique-centrale-et-de-louest\/"},"modified":"2019-07-27T17:16:51","modified_gmt":"2019-07-27T21:16:51","slug":"vih-sida-le-cameroun-deuxieme-pays-le-plus-touche-en-afrique-centrale-et-de-louest","status":"publish","type":"post","link":"https:\/\/linitiative.ca\/International\/vih-sida-le-cameroun-deuxieme-pays-le-plus-touche-en-afrique-centrale-et-de-louest\/","title":{"rendered":"VIH\/SIDA: le Cameroun, deuxi\u00e8me pays le plus touch\u00e9 en Afrique centrale et de l\u2019Ouest"},"content":{"rendered":"<div readability=\"32\">\n<p>Publi\u00e9 le 27.07.2019 \u00e0 22h16 par journalducameroun.com<\/p>\n<\/div>\n<div readability=\"65\">\n<h2>La pand\u00e9mie y s\u00e9vit avec un taux de pr\u00e9valence de 3,6% dans la population g\u00e9n\u00e9rale dont l\u2019\u00e2ge varie entre 15 et\u00a0 24 ans.<\/h2>\n<p>Selon l\u2019Unesco et l\u2019\u00e9quipe conjointe des Nations Unies sur le VIH\/SIDA, plusieurs raisons justifient cette hausse du taux\u00a0 de pr\u00e9valence du Vih Sida en milieu jeune au Cameroun. Parmi ces raisons on d\u00e9nombre l\u2019ignorance et le manque de communication sur la sexualit\u00e9 chez les jeunes.<\/p>\n<p>Pour y rem\u00e9dier et faire reculer ces chiffres alarmants, les deux organisations onusiennes ont organis\u00e9 \u00e0 Douala un atelier de renforcement des capacit\u00e9s auquel ont pris part des entreprises audiovisuelles, des structures d\u2019agr\u00e9ment des Manuels scolaires et mat\u00e9riels p\u00e9dagogiques, des maison d\u2019\u00e9ditions, sur les contenus et la communication en mati\u00e8re de sant\u00e9 sexuelle et reproductive des jeunes adolescents.<\/p>\n<p>Durant cet atelier qui a dur\u00e9 trois jours,\u00a0 les diff\u00e9rents participants ont \u00e9t\u00e9 outill\u00e9s sur l\u2019\u00c9ducation compl\u00e8te \u00e0 la sexualit\u00e9 (ECS) et les Principes Directeurs Internationaux de l\u2019UNESCO sur l\u2019ECS.\u00a0\u00bb\u00a0 Ce sont <em>des contenus adapt\u00e9s au contexte c\u2019est-\u00e0-dire qui prennent en compte le milieu socio-culturel dans lequel l\u2019enfant \u00e9volue parce qu\u2019il est important de reconnaitre le niveau de d\u00e9veloppement biologique mais aussi psychologique d\u2019un enfant pour pouvoir communiquer avec cet enfant sur certaines th\u00e9matiques avec certains \u00e9l\u00e9ments qui peuvent soutenir le langage\u00a0\u00bb<\/em>, a expliqu\u00e9 M. Djounesse \u00a0Bruno Tayim, le coordonnateur du programme.<\/p>\n<p>Au sortir de ce riche atelier qui s\u2019est \u00e9tal\u00e9 du 17 au 19 juillet \u00e0 l\u2019h\u00f4tel la Falaise de Douala, les diff\u00e9rents participants se sont dits suffisamment\u00a0 pr\u00eats \u00e0 intervenir chacun \u00e0 leur niveau. \u00ab\u00a0 <em>En ce qui nous concerne, nous les \u00e9diteurs, nous allons \u00e9viter d\u2019illustrer certaines questions sensibles mais aussi \u00e9viter d\u2019utiliser certaines images m\u00eame si elles peuvent aider<\/em>\u00a0 \u00e0 comprendre certaines questions \u00bb a affirm\u00e9 M. Vincent de Paul Lele repr\u00e9sentant des \u00e9ditions CLE, une maison d\u2019\u00e9dition au Cameroun.<\/p>\n<p>Pour les journalistes qui ont pris part \u00e0 l\u2019atelier, toutes les armes sont d\u00e9sormais \u00e0 leurs dispositions pour distiller la bonne information\u00a0 sur la sant\u00e9 sexuelle des adolescents.<\/p>\n<\/div>\n<p>Auteur: Jean-Christian Nselel<br \/>\n<a href=\"https:\/\/www.journalducameroun.com\/vih-sida-le-cameroun-deuxieme-pays-le-plus-touche-en-afrique-centrale-et-de-louest\/\">Cliquez ici pour lire l&rsquo;article depuis sa source.<\/a><\/p>\n","protected":false},"excerpt":{"rendered":"<p>Publi\u00e9 le 27.07.2019 \u00e0 22h16 par journalducameroun.com La pand\u00e9mie y s\u00e9vit avec un taux de pr\u00e9valence de 3,6% dans la population g\u00e9n\u00e9rale dont l\u2019\u00e2ge varie entre 15 et\u00a0 24 ans. Selon l\u2019Unesco et l\u2019\u00e9quipe conjointe des Nations Unies sur le VIH\/SIDA, plusieurs raisons justifient cette hausse du taux\u00a0 de pr\u00e9valence du Vih Sida en milieu [&hellip;]<\/p>\n","protected":false},"author":1965,"featured_media":0,"comment_status":"closed","ping_status":"closed","sticky":false,"template":"","format":"standard","meta":{"fifu_image_url":"","fifu_image_alt":"","footnotes":""},"categories":[73,82],"tags":[],"class_list":["post-48949","post","type-post","status-publish","format-standard","hentry","category-actualite","category-cameroun"],"_links":{"self":[{"href":"https:\/\/linitiative.ca\/International\/wp-json\/wp\/v2\/posts\/48949","targetHints":{"allow":["GET"]}}],"collection":[{"href":"https:\/\/linitiative.ca\/International\/wp-json\/wp\/v2\/posts"}],"about":[{"href":"https:\/\/linitiative.ca\/International\/wp-json\/wp\/v2\/types\/post"}],"author":[{"embeddable":true,"href":"https:\/\/linitiative.ca\/International\/wp-json\/wp\/v2\/users\/1965"}],"replies":[{"embeddable":true,"href":"https:\/\/linitiative.ca\/International\/wp-json\/wp\/v2\/comments?post=48949"}],"version-history":[{"count":0,"href":"https:\/\/linitiative.ca\/International\/wp-json\/wp\/v2\/posts\/48949\/revisions"}],"wp:attachment":[{"href":"https:\/\/linitiative.ca\/International\/wp-json\/wp\/v2\/media?parent=48949"}],"wp:term":[{"taxonomy":"category","embeddable":true,"href":"https:\/\/linitiative.ca\/International\/wp-json\/wp\/v2\/categories?post=48949"},{"taxonomy":"post_tag","embeddable":true,"href":"https:\/\/linitiative.ca\/International\/wp-json\/wp\/v2\/tags?post=48949"}],"curies":[{"name":"wp","href":"https:\/\/api.w.org\/{rel}","templated":true}]}}