{"id":48969,"date":"2019-07-28T04:01:32","date_gmt":"2019-07-28T08:01:32","guid":{"rendered":"https:\/\/linitiative.ca\/International\/chichaoua-un-voleur-de-voitures-epingle\/"},"modified":"2019-07-28T04:01:32","modified_gmt":"2019-07-28T08:01:32","slug":"chichaoua-un-voleur-de-voitures-epingle","status":"publish","type":"post","link":"https:\/\/linitiative.ca\/International\/chichaoua-un-voleur-de-voitures-epingle\/","title":{"rendered":"Chichaoua : Un voleur de voitures \u00e9pingl\u00e9"},"content":{"rendered":"<header>\n<\/header>\n<div class=\"entry-content clearfix\" readability=\"47\"><img decoding=\"async\" class=\"post_layout_5_img\" src=\"http:\/\/aujourdhui.ma\/wp-content\/uploads\/2016\/06\/voleur-de-voiture.jpg?x29840\" alt=\"Chichaoua : Un voleur de voitures \u00e9pingl\u00e9\"\/><\/p>\n<p class=\"p1\"><span class=\"c4\"><strong>Un malfaiteur sp\u00e9cialis\u00e9 dans le vol des voitures a \u00e9t\u00e9 arr\u00eat\u00e9, par un pur hasard, par les \u00e9l\u00e9ments de la police judiciaire relevant de la s\u00fbret\u00e9 de Chichaoua<\/strong><\/span>.<span id=\"more-315911\"\/><\/p>\n<p class=\"p1\">C\u2019est au niveau d\u2019un barrage policier dress\u00e9 \u00e0 l\u2019entr\u00e9e de la ville de Chichaoua que l\u2019automobiliste, \u00e2g\u00e9 de vingt-trois ans, a \u00e9t\u00e9 somm\u00e9 de s\u2019arr\u00eater. Obtemp\u00e9rant aux ordres, il a expliqu\u00e9 aux limiers qu\u2019il a oubli\u00e9 chez lui les papiers de sa voiture de luxe.<\/p>\n<p class=\"p1\">Mais les limiers ont remarqu\u00e9 qu\u2019il ne poss\u00e9dait pas des cl\u00e9s de contact originales. Martel\u00e9 de questions il a fini par se mettre \u00e0 table. Il a avou\u00e9 avoir vol\u00e9 la voiture dans la r\u00e9gion de Mejjat et cherchait preneur. Il a \u00e9galement r\u00e9v\u00e9l\u00e9 qu\u2019il a commis d\u2019autres vols de voitures qu\u2019il revendait surtout aux trafiquants de drogue. Le mis en cause a \u00e9t\u00e9 traduit devant la justice alors que ses complices sont encore recherch\u00e9s pour \u00eatre mis hors d\u2019\u00e9tat de nuire.<\/p>\n<\/div>\n<p>Auteur: Abderrafii ALOUMLIKI<br \/>\n<a href=\"http:\/\/aujourdhui.ma\/faits-divers\/chichaoua-un-voleur-de-voitures-epingle\">Cliquez ici pour lire l&rsquo;article depuis sa source.<\/a><\/p>\n","protected":false},"excerpt":{"rendered":"<p>Un malfaiteur sp\u00e9cialis\u00e9 dans le vol des voitures a \u00e9t\u00e9 arr\u00eat\u00e9, par un pur hasard, par les \u00e9l\u00e9ments de la police judiciaire relevant de la s\u00fbret\u00e9 de Chichaoua. C\u2019est au niveau d\u2019un barrage policier dress\u00e9 \u00e0 l\u2019entr\u00e9e de la ville de Chichaoua que l\u2019automobiliste, \u00e2g\u00e9 de vingt-trois ans, a \u00e9t\u00e9 somm\u00e9 de s\u2019arr\u00eater. Obtemp\u00e9rant aux [&hellip;]<\/p>\n","protected":false},"author":1759,"featured_media":0,"comment_status":"closed","ping_status":"closed","sticky":false,"template":"","format":"standard","meta":{"fifu_image_url":"","fifu_image_alt":"","footnotes":""},"categories":[73,54],"tags":[],"class_list":["post-48969","post","type-post","status-publish","format-standard","hentry","category-actualite","category-maroc"],"_links":{"self":[{"href":"https:\/\/linitiative.ca\/International\/wp-json\/wp\/v2\/posts\/48969","targetHints":{"allow":["GET"]}}],"collection":[{"href":"https:\/\/linitiative.ca\/International\/wp-json\/wp\/v2\/posts"}],"about":[{"href":"https:\/\/linitiative.ca\/International\/wp-json\/wp\/v2\/types\/post"}],"author":[{"embeddable":true,"href":"https:\/\/linitiative.ca\/International\/wp-json\/wp\/v2\/users\/1759"}],"replies":[{"embeddable":true,"href":"https:\/\/linitiative.ca\/International\/wp-json\/wp\/v2\/comments?post=48969"}],"version-history":[{"count":0,"href":"https:\/\/linitiative.ca\/International\/wp-json\/wp\/v2\/posts\/48969\/revisions"}],"wp:attachment":[{"href":"https:\/\/linitiative.ca\/International\/wp-json\/wp\/v2\/media?parent=48969"}],"wp:term":[{"taxonomy":"category","embeddable":true,"href":"https:\/\/linitiative.ca\/International\/wp-json\/wp\/v2\/categories?post=48969"},{"taxonomy":"post_tag","embeddable":true,"href":"https:\/\/linitiative.ca\/International\/wp-json\/wp\/v2\/tags?post=48969"}],"curies":[{"name":"wp","href":"https:\/\/api.w.org\/{rel}","templated":true}]}}