{"id":48970,"date":"2019-07-28T04:03:52","date_gmt":"2019-07-28T08:03:52","guid":{"rendered":"https:\/\/linitiative.ca\/International\/tanger-les-expositions-land-art-du-flatta-2019-ouvertes-au-grand-public\/"},"modified":"2019-07-28T04:03:52","modified_gmt":"2019-07-28T08:03:52","slug":"tanger-les-expositions-land-art-du-flatta-2019-ouvertes-au-grand-public","status":"publish","type":"post","link":"https:\/\/linitiative.ca\/International\/tanger-les-expositions-land-art-du-flatta-2019-ouvertes-au-grand-public\/","title":{"rendered":"Tanger : Les expositions \u00abLand Art\u00bb  du Flatta 2019 ouvertes au grand public"},"content":{"rendered":"<header>\n<\/header>\n<div class=\"entry-content clearfix\" readability=\"38\"><img decoding=\"async\" class=\"post_layout_5_img\" src=\"http:\/\/aujourdhui.ma\/wp-content\/uploads\/2019\/07\/Tanger-expositions-Land-Art.jpg?x29840\" alt=\"Tanger : Les expositions \u00abLand Art\u00bb du Flatta 2019 ouvertes au grand public\"\/><\/p>\n<p class=\"p2\"><span class=\"s1 c5\"><span class=\"c4\"><strong>La r\u00e9sidence d\u2019artistes du Festival Land Art de Tanger-T\u00e9touan-Al Hoce\u00efma (Flatta 2019) a donn\u00e9 lieu \u00e0 la cr\u00e9ation de 16 \u0153uvres d\u2019art nature qui sont expos\u00e9es au public au Parc Perdicaris de Tanger et \u00e0 la r\u00e9serve de Jbel Moussa dans la commune de Belyounech.<\/strong><\/span><\/span><span id=\"more-315922\"\/><\/p>\n<p class=\"p2\"><span class=\"s1\">Il s\u2019agit de 8 installations d\u2019art nature au Parc Perdicaris de Tanger et 8 autres au niveau de la commune de Belyounech et qui sont ouvertes au grand public et en acc\u00e8s libre afin de sensibiliser \u00e0 la relation homme-nature.<\/span><\/p>\n<\/div>\n<p>Auteur: ALM<br \/>\n<a href=\"http:\/\/aujourdhui.ma\/culture\/tanger-les-expositions-land-art-du-flatta-2019-ouvertes-au-grand-public\">Cliquez ici pour lire l&rsquo;article depuis sa source.<\/a><\/p>\n","protected":false},"excerpt":{"rendered":"<p>La r\u00e9sidence d\u2019artistes du Festival Land Art de Tanger-T\u00e9touan-Al Hoce\u00efma (Flatta 2019) a donn\u00e9 lieu \u00e0 la cr\u00e9ation de 16 \u0153uvres d\u2019art nature qui sont expos\u00e9es au public au Parc Perdicaris de Tanger et \u00e0 la r\u00e9serve de Jbel Moussa dans la commune de Belyounech. Il s\u2019agit de 8 installations d\u2019art nature au Parc Perdicaris [&hellip;]<\/p>\n","protected":false},"author":1759,"featured_media":0,"comment_status":"closed","ping_status":"closed","sticky":false,"template":"","format":"standard","meta":{"fifu_image_url":"","fifu_image_alt":"","footnotes":""},"categories":[73,54],"tags":[],"class_list":["post-48970","post","type-post","status-publish","format-standard","hentry","category-actualite","category-maroc"],"_links":{"self":[{"href":"https:\/\/linitiative.ca\/International\/wp-json\/wp\/v2\/posts\/48970","targetHints":{"allow":["GET"]}}],"collection":[{"href":"https:\/\/linitiative.ca\/International\/wp-json\/wp\/v2\/posts"}],"about":[{"href":"https:\/\/linitiative.ca\/International\/wp-json\/wp\/v2\/types\/post"}],"author":[{"embeddable":true,"href":"https:\/\/linitiative.ca\/International\/wp-json\/wp\/v2\/users\/1759"}],"replies":[{"embeddable":true,"href":"https:\/\/linitiative.ca\/International\/wp-json\/wp\/v2\/comments?post=48970"}],"version-history":[{"count":0,"href":"https:\/\/linitiative.ca\/International\/wp-json\/wp\/v2\/posts\/48970\/revisions"}],"wp:attachment":[{"href":"https:\/\/linitiative.ca\/International\/wp-json\/wp\/v2\/media?parent=48970"}],"wp:term":[{"taxonomy":"category","embeddable":true,"href":"https:\/\/linitiative.ca\/International\/wp-json\/wp\/v2\/categories?post=48970"},{"taxonomy":"post_tag","embeddable":true,"href":"https:\/\/linitiative.ca\/International\/wp-json\/wp\/v2\/tags?post=48970"}],"curies":[{"name":"wp","href":"https:\/\/api.w.org\/{rel}","templated":true}]}}