{"id":48971,"date":"2019-07-28T04:04:10","date_gmt":"2019-07-28T08:04:10","guid":{"rendered":"https:\/\/linitiative.ca\/International\/asilah-un-debut-dete-en-demi-teinte\/"},"modified":"2019-07-28T04:04:10","modified_gmt":"2019-07-28T08:04:10","slug":"asilah-un-debut-dete-en-demi-teinte","status":"publish","type":"post","link":"https:\/\/linitiative.ca\/International\/asilah-un-debut-dete-en-demi-teinte\/","title":{"rendered":"Asilah : Un d\u00e9but d\u2019\u00e9t\u00e9 en demi-teinte"},"content":{"rendered":"<p><img decoding=\"async\" class=\"post_layout_5_img\" src=\"http:\/\/aujourdhui.ma\/wp-content\/uploads\/2017\/07\/asilah.jpg?x29840\" alt=\"Asilah : Un d\u00e9but d\u2019\u00e9t\u00e9 en demi-teinte\"\/><\/p>\n<p class=\"p1\"><span class=\"c4\"><strong><span class=\"s1\"><em>La ville conna\u00eet en ce mois de juillet une baisse de fr\u00e9quentation comparativement\u00a0<\/em><\/span><span class=\"s1\"><em>aux ann\u00e9es pr\u00e9c\u00e9dentes<\/em><\/span><\/strong><\/span><span id=\"more-315893\"\/><\/p>\n<p class=\"p1\"><span class=\"s1\">Asilah a rev\u00eatu ses couleurs estivales marquant le rythme des diff\u00e9rents secteurs d\u2019activit\u00e9s, dont la plupart misent beaucoup sur l\u2019\u00e9t\u00e9 pour pouvoir renflouer leurs caisses. Seulement cette saison estivale s\u2019annonce, aux yeux des Za\u00eflachis, moins juteuse. La ville conna\u00eet depuis le d\u00e9but de cet \u00e9t\u00e9 une baisse de fr\u00e9quentation comparativement aux ann\u00e9es pr\u00e9c\u00e9dentes. Les professionnels du tourisme, les simples commer\u00e7ants ou les repr\u00e9sentants des diff\u00e9rents jobs d\u2019\u00e9t\u00e9 souhaitent compenser la baisse de leurs recettes \u00e0 la fin de ce mois en cours et pendant le mois prochain. Bien que co\u00efncidant avec le 11 du mois prochain, la f\u00eate du sacrifice viendra encore cette ann\u00e9e bousculer la p\u00e9riode estivale.<\/span><\/p>\n<p class=\"p1\"><span class=\"s1\">Pour les professionnels du tourisme et les repr\u00e9sentants des autres commerces, dont le business d\u00e9pend beaucoup de la saison estivale, Asilah ne profite pas pleinement de ses atouts naturels et touristiques pour attirer plus de visiteurs pendant cette p\u00e9riode estivale. Alors qu\u2019ils sont mis en avant dans les c\u00e9l\u00e8bres guides et au cours des grands \u00e9v\u00e9nements touristiques pour contribuer \u00e0 la promotion de la r\u00e9gion du Nord dans son ensemble. Bien qu\u2019elle ait gagn\u00e9 une r\u00e9putation gr\u00e2ce \u00e0 ses multiples sites naturels et historiques, Asilah ne peut pas entrer en comp\u00e9tition avec d\u2019autres villes c\u00f4ti\u00e8res voisines, en l\u2019occurrence Tanger et T\u00e9touan ainsi que leurs arri\u00e8re-pays, qui ont vu leurs infrastructures de base et loisirs se renforcer au fil des ans. Il y a lieu de citer que la cit\u00e9 blanche a connu, dans les ann\u00e9es 80, une grande perte de ses visiteurs internationaux et ceux issus de familles riches marocaines qui lui ont pr\u00e9f\u00e9r\u00e9 d\u2019autres destinations baln\u00e9aires beaucoup plus attractives aussi bien au Maroc qu\u2019\u00e0 l\u2019\u00e9tranger. La ville est devenue, ces derni\u00e8res d\u00e9cennies, plus fr\u00e9quent\u00e9e par les visiteurs de bourses tr\u00e8s moyennes qui ne leur permettant pas de passer leurs vacances dans d\u2019autres stations baln\u00e9aires plus on\u00e9reuses. Pour Ba Mohamed, bazariste de la c\u00e9l\u00e8bre place Al-Kharazine, Asilah est appel\u00e9e \u00e0 fournir beaucoup d\u2019efforts pour attirer encore plus de touristes nationaux et pouvoir les fid\u00e9liser, mais aussi pour tenter de retrouver son rayonnement parmi ses client\u00e8les perdues.<\/span><\/p>\n<p class=\"p1\"><span class=\"s1\"><em>\u00abNous devons, de notre c\u00f4t\u00e9, faire de notre mieux pour contribuer \u00e0 atteindre cet objectif et faire profiter notre secteur qui se distingue par son traditionnel aspect saisonnier\u00bb<\/em>, a-t-il fait savoir. En plus d\u2019infrastructures, les professionnels et simples za\u00eflachis ont toujours appel\u00e9 \u00e0 l\u2019ouverture des sites culturels et historiques au public, mais aussi \u00e0 l\u2019organisation de plus de festivals et autres manifestations culturelles et artistiques pour leur permettre de bien profiter de la saison estivale. Surtout que la ville compte un seul \u00e9v\u00e9nement, \u00e0 savoir son moussem annuel, tenu au d\u00e9but de l\u2019\u00e9t\u00e9.<\/span><\/p>\n<p>Auteur: Najat Fa\u00efssal<br \/>\n<a href=\"http:\/\/aujourdhui.ma\/economie\/asilah-un-debut-dete-en-demi-teinte\">Cliquez ici pour lire l&rsquo;article depuis sa source.<\/a><\/p>\n","protected":false},"excerpt":{"rendered":"<p>La ville conna\u00eet en ce mois de juillet une baisse de fr\u00e9quentation comparativement\u00a0aux ann\u00e9es pr\u00e9c\u00e9dentes Asilah a rev\u00eatu ses couleurs estivales marquant le rythme des diff\u00e9rents secteurs d\u2019activit\u00e9s, dont la plupart misent beaucoup sur l\u2019\u00e9t\u00e9 pour pouvoir renflouer leurs caisses. Seulement cette saison estivale s\u2019annonce, aux yeux des Za\u00eflachis, moins juteuse. La ville conna\u00eet depuis [&hellip;]<\/p>\n","protected":false},"author":1759,"featured_media":0,"comment_status":"closed","ping_status":"closed","sticky":false,"template":"","format":"standard","meta":{"fifu_image_url":"","fifu_image_alt":"","footnotes":""},"categories":[73,54],"tags":[],"class_list":["post-48971","post","type-post","status-publish","format-standard","hentry","category-actualite","category-maroc"],"_links":{"self":[{"href":"https:\/\/linitiative.ca\/International\/wp-json\/wp\/v2\/posts\/48971","targetHints":{"allow":["GET"]}}],"collection":[{"href":"https:\/\/linitiative.ca\/International\/wp-json\/wp\/v2\/posts"}],"about":[{"href":"https:\/\/linitiative.ca\/International\/wp-json\/wp\/v2\/types\/post"}],"author":[{"embeddable":true,"href":"https:\/\/linitiative.ca\/International\/wp-json\/wp\/v2\/users\/1759"}],"replies":[{"embeddable":true,"href":"https:\/\/linitiative.ca\/International\/wp-json\/wp\/v2\/comments?post=48971"}],"version-history":[{"count":0,"href":"https:\/\/linitiative.ca\/International\/wp-json\/wp\/v2\/posts\/48971\/revisions"}],"wp:attachment":[{"href":"https:\/\/linitiative.ca\/International\/wp-json\/wp\/v2\/media?parent=48971"}],"wp:term":[{"taxonomy":"category","embeddable":true,"href":"https:\/\/linitiative.ca\/International\/wp-json\/wp\/v2\/categories?post=48971"},{"taxonomy":"post_tag","embeddable":true,"href":"https:\/\/linitiative.ca\/International\/wp-json\/wp\/v2\/tags?post=48971"}],"curies":[{"name":"wp","href":"https:\/\/api.w.org\/{rel}","templated":true}]}}