{"id":48972,"date":"2019-07-28T04:06:42","date_gmt":"2019-07-28T08:06:42","guid":{"rendered":"https:\/\/linitiative.ca\/International\/les-rencontres-africa-a-skhirat-elles-se-tiendront-en-octobre-prochain\/"},"modified":"2019-07-28T04:06:42","modified_gmt":"2019-07-28T08:06:42","slug":"les-rencontres-africa-a-skhirat-elles-se-tiendront-en-octobre-prochain","status":"publish","type":"post","link":"https:\/\/linitiative.ca\/International\/les-rencontres-africa-a-skhirat-elles-se-tiendront-en-octobre-prochain\/","title":{"rendered":"Les Rencontres Africa \u00e0 Skhirat : Elles se tiendront en octobre prochain"},"content":{"rendered":"<header>\n<\/header>\n<div class=\"entry-content clearfix\" readability=\"54\"><img decoding=\"async\" class=\"post_layout_5_img\" src=\"http:\/\/aujourdhui.ma\/wp-content\/uploads\/2019\/07\/Les-Rencontres-Africa-a%CC%80-Skhirat-.jpg?x29840\" alt=\"Les Rencontres Africa \u00e0 Skhirat : Elles se tiendront en octobre prochain\"\/><\/p>\n<p class=\"p1\"><span class=\"c4\"><strong>Pr\u00e8s de 5,000 personnes dont des d\u00e9cideurs africains feront escale en octobre prochain \u00e0 Skhirat pour participer \u00e0 la 4\u00e8me \u00e9dition des<span class=\"Apple-converted-space\">\u00a0<\/span> \u00abRencontres Africa\u00bb.<\/strong><\/span><span id=\"more-315786\"\/><\/p>\n<p class=\"p1\">Un \u00e9v\u00e9nement qui s\u2019articule autour de la promotion des diff\u00e9rentes fili\u00e8res phares du continent. Citons en particulier la sant\u00e9, l\u2019agriculture, le BTP et l\u2019infrastructure. \u00ab<em>Cette ann\u00e9e, les Rencontres Africa renouvellent leur souhait d\u2019impliquer les autorit\u00e9s politiques et \u00e9conomiques afin de permettre aux dirigeants d\u2019entreprises fran\u00e7ais et africains de d\u00e9velopper des relations d\u2019affaires<\/em>\u00bb, rel\u00e8ve-t-on des organisateurs. Cet \u00e9v\u00e8nement, pr\u00e9vu les 21 et 22 octobre, s\u2019inscrit dans la continuit\u00e9 du Grand D\u00e9bat men\u00e9 par Emmanuel Macron le 11 juillet avec les diasporas africaines, dans sa volont\u00e9 d\u2019ouvrir \u00abune nouvelle page\u00bb, de \u00abconstruire une nouvelle action sur et avec l\u2019Afrique\u00bb.<\/p>\n<p class=\"p1\">Le Maroc et le S\u00e9n\u00e9gal qui accueillent cette ann\u00e9e les \u00abRencontres Africa\u00bb 2019 poursuivront ainsi l\u2019effort engag\u00e9 avec succ\u00e8s depuis 4 ans pour alimenter cette nouvelle dynamique entre la France, l\u2019Europe et l\u2019Afrique par des \u00e9changes concrets, des synergies et des joint-ventures d\u2019entreprises.<\/p>\n<\/div>\n<p>Auteur: ALM<br \/>\n<a href=\"http:\/\/aujourdhui.ma\/economie\/les-rencontres-africa-a-skhirat-elles-se-tiendront-en-octobre-prochain\">Cliquez ici pour lire l&rsquo;article depuis sa source.<\/a><\/p>\n","protected":false},"excerpt":{"rendered":"<p>Pr\u00e8s de 5,000 personnes dont des d\u00e9cideurs africains feront escale en octobre prochain \u00e0 Skhirat pour participer \u00e0 la 4\u00e8me \u00e9dition des\u00a0 \u00abRencontres Africa\u00bb. Un \u00e9v\u00e9nement qui s\u2019articule autour de la promotion des diff\u00e9rentes fili\u00e8res phares du continent. Citons en particulier la sant\u00e9, l\u2019agriculture, le BTP et l\u2019infrastructure. \u00abCette ann\u00e9e, les Rencontres Africa renouvellent leur [&hellip;]<\/p>\n","protected":false},"author":1759,"featured_media":0,"comment_status":"closed","ping_status":"closed","sticky":false,"template":"","format":"standard","meta":{"fifu_image_url":"","fifu_image_alt":"","footnotes":""},"categories":[73,54],"tags":[],"class_list":["post-48972","post","type-post","status-publish","format-standard","hentry","category-actualite","category-maroc"],"_links":{"self":[{"href":"https:\/\/linitiative.ca\/International\/wp-json\/wp\/v2\/posts\/48972","targetHints":{"allow":["GET"]}}],"collection":[{"href":"https:\/\/linitiative.ca\/International\/wp-json\/wp\/v2\/posts"}],"about":[{"href":"https:\/\/linitiative.ca\/International\/wp-json\/wp\/v2\/types\/post"}],"author":[{"embeddable":true,"href":"https:\/\/linitiative.ca\/International\/wp-json\/wp\/v2\/users\/1759"}],"replies":[{"embeddable":true,"href":"https:\/\/linitiative.ca\/International\/wp-json\/wp\/v2\/comments?post=48972"}],"version-history":[{"count":0,"href":"https:\/\/linitiative.ca\/International\/wp-json\/wp\/v2\/posts\/48972\/revisions"}],"wp:attachment":[{"href":"https:\/\/linitiative.ca\/International\/wp-json\/wp\/v2\/media?parent=48972"}],"wp:term":[{"taxonomy":"category","embeddable":true,"href":"https:\/\/linitiative.ca\/International\/wp-json\/wp\/v2\/categories?post=48972"},{"taxonomy":"post_tag","embeddable":true,"href":"https:\/\/linitiative.ca\/International\/wp-json\/wp\/v2\/tags?post=48972"}],"curies":[{"name":"wp","href":"https:\/\/api.w.org\/{rel}","templated":true}]}}