{"id":48973,"date":"2019-07-28T04:10:19","date_gmt":"2019-07-28T08:10:19","guid":{"rendered":"https:\/\/linitiative.ca\/International\/driouch-des-voleurs-de-betail-mis-hors-detat-de-nuire\/"},"modified":"2019-07-28T04:10:19","modified_gmt":"2019-07-28T08:10:19","slug":"driouch-des-voleurs-de-betail-mis-hors-detat-de-nuire","status":"publish","type":"post","link":"https:\/\/linitiative.ca\/International\/driouch-des-voleurs-de-betail-mis-hors-detat-de-nuire\/","title":{"rendered":"Driouch : Des voleurs de b\u00e9tail  mis hors d\u2019\u00e9tat de nuire"},"content":{"rendered":"<header>\n<\/header>\n<div class=\"entry-content clearfix\" readability=\"48\"><img decoding=\"async\" class=\"post_layout_5_img\" src=\"http:\/\/aujourdhui.ma\/wp-content\/uploads\/2017\/02\/Barrage-Gendarmerie-Automobile-infraction-.jpg?x29840\" alt=\"Driouch : Des voleurs de b\u00e9tail mis hors d\u2019\u00e9tat de nuire\"\/><\/p>\n<p class=\"p1\"><span class=\"s1 c5\"><span class=\"c4\"><strong>Le vol d\u2019une trentaine de moutons perp\u00e9tr\u00e9 dans la r\u00e9gion de Trougout relevant de la commune rurale Temsamane de la province de Driouch a enfin \u00e9t\u00e9 r\u00e9solu par les \u00e9l\u00e9ments de la gendarmerie royale de Boudinar.<\/strong><\/span><\/span> <span id=\"more-315907\"\/><\/p>\n<p class=\"p1\"><span class=\"s1\">Sept suspects ont \u00e9t\u00e9 mis entre les mains du parquet g\u00e9n\u00e9ral pr\u00e8s la Cour d\u2019appel de Nador. Deux d\u2019entre eux sont maintenus en d\u00e9tention provisoire, les cinq autres en \u00e9tat de libert\u00e9 provisoire.<\/span><\/p>\n<p class=\"p1\"><span class=\"s1\">Le plaignant \u00e9tait un fellah qui s\u2019est r\u00e9veill\u00e9, le matin, d\u2019un jour du mois courant, pour remarquer la disparition de son troupeau compos\u00e9 de plus de trente moutons. D\u00e8s que le souk hebdomadaire a eu lieu, il y a fait un tour. Il a vite remarqu\u00e9 que certains moutons qui \u00e9taient expos\u00e9s \u00e0 la vente \u00e9taient les siens. Il s\u2019est empress\u00e9 d\u2019alerter les gendarmes qui se sont d\u00e9p\u00each\u00e9s sur les lieux et arr\u00eat\u00e9 les voleurs.<\/span><\/p>\n<\/div>\n<p>Auteur: Abderrafii ALOUMLIKI<br \/>\n<a href=\"http:\/\/aujourdhui.ma\/faits-divers\/driouch-des-voleurs-de-betail-mis-hors-detat-de-nuire\">Cliquez ici pour lire l&rsquo;article depuis sa source.<\/a><\/p>\n","protected":false},"excerpt":{"rendered":"<p>Le vol d\u2019une trentaine de moutons perp\u00e9tr\u00e9 dans la r\u00e9gion de Trougout relevant de la commune rurale Temsamane de la province de Driouch a enfin \u00e9t\u00e9 r\u00e9solu par les \u00e9l\u00e9ments de la gendarmerie royale de Boudinar. Sept suspects ont \u00e9t\u00e9 mis entre les mains du parquet g\u00e9n\u00e9ral pr\u00e8s la Cour d\u2019appel de Nador. Deux d\u2019entre [&hellip;]<\/p>\n","protected":false},"author":1759,"featured_media":0,"comment_status":"closed","ping_status":"closed","sticky":false,"template":"","format":"standard","meta":{"fifu_image_url":"","fifu_image_alt":"","footnotes":""},"categories":[73,54],"tags":[],"class_list":["post-48973","post","type-post","status-publish","format-standard","hentry","category-actualite","category-maroc"],"_links":{"self":[{"href":"https:\/\/linitiative.ca\/International\/wp-json\/wp\/v2\/posts\/48973","targetHints":{"allow":["GET"]}}],"collection":[{"href":"https:\/\/linitiative.ca\/International\/wp-json\/wp\/v2\/posts"}],"about":[{"href":"https:\/\/linitiative.ca\/International\/wp-json\/wp\/v2\/types\/post"}],"author":[{"embeddable":true,"href":"https:\/\/linitiative.ca\/International\/wp-json\/wp\/v2\/users\/1759"}],"replies":[{"embeddable":true,"href":"https:\/\/linitiative.ca\/International\/wp-json\/wp\/v2\/comments?post=48973"}],"version-history":[{"count":0,"href":"https:\/\/linitiative.ca\/International\/wp-json\/wp\/v2\/posts\/48973\/revisions"}],"wp:attachment":[{"href":"https:\/\/linitiative.ca\/International\/wp-json\/wp\/v2\/media?parent=48973"}],"wp:term":[{"taxonomy":"category","embeddable":true,"href":"https:\/\/linitiative.ca\/International\/wp-json\/wp\/v2\/categories?post=48973"},{"taxonomy":"post_tag","embeddable":true,"href":"https:\/\/linitiative.ca\/International\/wp-json\/wp\/v2\/tags?post=48973"}],"curies":[{"name":"wp","href":"https:\/\/api.w.org\/{rel}","templated":true}]}}